{"id":52795,"date":"2019-05-07T13:07:00","date_gmt":"2019-05-07T13:07:00","guid":{"rendered":"https:\/\/colimdo.org\/?p=52795"},"modified":"2019-05-07T13:08:09","modified_gmt":"2019-05-07T13:08:09","slug":"rd-debuta-lunes-13-ante-chile-inicio-copa-panam-femenina-sub-207","status":"publish","type":"post","link":"https:\/\/colimdo.org\/noticias\/rd-debuta-lunes-13-ante-chile-inicio-copa-panam-femenina-sub-207\/","title":{"rendered":"RD debuta el lunes 13 ante Chile\u00a0en inicio Copa Panam Femenina Sub-20"},"content":{"rendered":"<p>&nbsp;<\/p>\n<p><span lang=\"ES-GT\">LIMA, PERU.\u00a0\u00a0La Selecci\u00f3n Nacional de Voleibol Femenino U-20 debutara ante el conjunto de Chile el pr\u00f3ximo lunes a las seis de la tarde (hora dominicana), correspondiente al Grupo A,\u00a0\u00a0en el inicio de la Copa Panamericana 2019 que se jugara en esta ciudad.<\/span><\/p>\n<p><span lang=\"ES-GT\">El conjunto dominicano parti\u00f3 hace un par de d\u00edas hacia Per\u00fa donde sostiene una serie amistosa que las peruanas, previo al evento que organiza la Uni\u00f3n Panamericana de Voleibol que encabeza el licenciado Crist\u00f3bal Marte Hoffiz.<\/span><\/p>\n<p><span lang=\"ES-GT\">El equipo dominicano, esta vez, ser\u00e1 piloteado por Cristian Cruz, ex selecci\u00f3n nacional de voleibol. El d\u00eda 15, las dominicanas regresaran a la cancha para enfrentarse a Puerto Rico a las seis de la tarde.<\/span><\/p>\n<p><span lang=\"ES-GT\">La escuadra dominicana estar\u00e1 conformada por Madeline Guillen, Flormaire Colon, Camila de la Rosa, Natalia Mart\u00ednez, Geraldine Gonzalez, Nathaly Lalane, Mariela Jim\u00e9nez, Yanlis Feliz, Laura Paniagua, Yaneirys Rodr\u00edguez, Esthefany Rabit, y Romina Cornelio.<\/span><\/p>\n<p><span lang=\"ES-GT\">En la justa ver\u00e1n acci\u00f3n los sextetos de Chile, Cuba, Honduras,\u00a0\u00a0Republica Dominicana, Guatemala, Puerto Rico y Per\u00fa, como pa\u00eds anfitri\u00f3n.<\/span><\/p>\n<p><span lang=\"ES-GT\">En la pasada Copa Panam 2017, el sexteto de Estados Unidos derrot\u00f3 a Argentina 3-0 (27-25, 25-22, 25-22) para coronarse campe\u00f3n de la Copa Panamericana Sub-20 Femenina el s\u00e1bado en San Jos\u00e9, Costa Rica.<\/span><\/p>\n<p><span lang=\"ES-GT\">En ese evento, la Rep\u00fablica Dominicana se impuso a Chile 3-0 (25-19, 25-17, 25-12) para terminar en el s\u00e9ptimo lugar de la Copa Panamericana Sub-20 Femenina en el Gimnasio Nacional de San Jos\u00e9, Costa Rica.<\/span><\/p>\n<p><span lang=\"ES-GT\">Rep\u00fablica Dominicana, ya clasificado al Campeonato Mundial de la FIVB como campe\u00f3n de NORCECA, no tuvo dificultad en vencer a Chile con enorme ventaja de 41-23 en ataques, 14-2 en bloqueos y 2-1 en puntos de servicio.<\/span><\/p>\n","protected":false},"excerpt":{"rendered":"<p>El conjunto dominicano parti\u00f3 hace un par de d\u00edas hacia Per\u00fa donde sostiene una serie amistosa que las peruanas, previo al evento que organiza la Uni\u00f3n Panamericana de Voleibol que encabeza el licenciado Crist\u00f3bal Marte Hoffiz.<\/p>\n","protected":false},"author":16,"featured_media":52796,"comment_status":"closed","ping_status":"closed","sticky":false,"template":"","format":"standard","meta":[],"categories":[2,60],"tags":[],"acf":[],"_links":{"self":[{"href":"https:\/\/colimdo.org\/wp-api\/wp\/v2\/posts\/52795"}],"collection":[{"href":"https:\/\/colimdo.org\/wp-api\/wp\/v2\/posts"}],"about":[{"href":"https:\/\/colimdo.org\/wp-api\/wp\/v2\/types\/post"}],"author":[{"embeddable":true,"href":"https:\/\/colimdo.org\/wp-api\/wp\/v2\/users\/16"}],"replies":[{"embeddable":true,"href":"https:\/\/colimdo.org\/wp-api\/wp\/v2\/comments?post=52795"}],"version-history":[{"count":2,"href":"https:\/\/colimdo.org\/wp-api\/wp\/v2\/posts\/52795\/revisions"}],"predecessor-version":[{"id":52798,"href":"https:\/\/colimdo.org\/wp-api\/wp\/v2\/posts\/52795\/revisions\/52798"}],"wp:featuredmedia":[{"embeddable":true,"href":"https:\/\/colimdo.org\/wp-api\/wp\/v2\/media\/52796"}],"wp:attachment":[{"href":"https:\/\/colimdo.org\/wp-api\/wp\/v2\/media?parent=52795"}],"wp:term":[{"taxonomy":"category","embeddable":true,"href":"https:\/\/colimdo.org\/wp-api\/wp\/v2\/categories?post=52795"},{"taxonomy":"post_tag","embeddable":true,"href":"https:\/\/colimdo.org\/wp-api\/wp\/v2\/tags?post=52795"}],"curies":[{"name":"wp","href":"https:\/\/api.w.org\/{rel}","templated":true}]}}