{"id":52826,"date":"2019-05-08T03:19:43","date_gmt":"2019-05-08T03:19:43","guid":{"rendered":"https:\/\/colimdo.org\/?p=52826"},"modified":"2019-05-08T03:19:43","modified_gmt":"2019-05-08T03:19:43","slug":"critican-recortes-tokio-2020-ciertos-deportes","status":"publish","type":"post","link":"https:\/\/colimdo.org\/noticias\/critican-recortes-tokio-2020-ciertos-deportes\/","title":{"rendered":"Critican recortes de Tokio 2020 para ciertos deportes"},"content":{"rendered":"<p>GOLD COAST, Australia (AP) \u2014 Los l\u00edderes de distintos deportes ol\u00edmpicos criticaron el martes a los organizadores de los Juegos de Tokio por recortar el presupuesto en la manera en que los eventos ser\u00e1n presentados en las sedes el pr\u00f3ximo a\u00f1o.<\/p>\n<p>Menos de 15 meses antes de la inauguraci\u00f3n ol\u00edmpica, prevista para el 24 de julio del a\u00f1o pr\u00f3ximo, los funcionarios de la organizaci\u00f3n en Tokio enfrentaron duros cuestionamientos durante la conferencia anual de las federaciones de los deportes de los Juegos de Verano.<\/p>\n<p>Los \u00faltimos planes de Tokio para la presentaci\u00f3n de los deportes \u2014en materia de mercadotecnia y vestidores, adem\u00e1s de la informaci\u00f3n y entretenimiento para los espectadores\u2014 fueron \u201cincre\u00edblemente pobres\u201d en el judo, dijo una funcionaria prominente del \u00f3rgano rector de ese deporte.<\/p>\n<p>La dirigente de la Federaci\u00f3n Internacional de Judo (IJF, por sus siglas en ingl\u00e9s), Larisa Kiss, advirti\u00f3 a la delegaci\u00f3n de Tokio que no debe repetirse lo sucedido en los Ol\u00edmpicos de R\u00edo de Janeiro 2016, \u201cdonde el aspecto fue demasiado barato\u201d.<\/p>\n<p>La actual sede ol\u00edmpica fue comparada de manera desfavorable con la competencia anual japonesa en la serie de la Gira Mundial de Judo.<\/p>\n<p>\u201cSer\u00eda una l\u00e1stima tener un evento anual de la IJF que luce mejor que los Ol\u00edmpicos\u201d, sostuvo Kiss.<\/p>\n<p>Bajo presi\u00f3n del Comit\u00e9 Ol\u00edmpico Internacional (COI) para controlar los gastos, Tokio ha mantenido un presupuesto de operaci\u00f3n de 5.600 millones de d\u00f3lares con recortes en algunas \u00e1reas que en contrapartida incrementan los costos en otras.<\/p>\n<p>El funcionario de Tokio, Hide Nakamura, reconoci\u00f3 que algunos de sus colegas no vieron la presentaci\u00f3n de los deportes como una prioridad en los gastos.<\/p>\n<p>\u201cAlgunos en el comit\u00e9 organizador piensan que es s\u00f3lo una decoraci\u00f3n\u201d, declar\u00f3 a la audiencia Nakamura, director de entregas de los Juegos.<\/p>\n<p>Sin embargo, la funcionaria de la Federaci\u00f3n Internacional de Tenis, Kelly Fairweather, busc\u00f3 desalentar esa actitud.<\/p>\n<p>\u201cLe recomendar\u00eda no ver esto como un gasto\u201d, coment\u00f3 Fairweather, quien a\u00f1adi\u00f3 que tales recortes de \u00faltimo minuto \u201cno van ayudarle a lucir los Juegos, su pa\u00eds y su ciudad\u201d.<\/p>\n","protected":false},"excerpt":{"rendered":"<p>GOLD COAST, Australia (AP) \u2014 Los l\u00edderes de distintos deportes ol\u00edmpicos criticaron el martes a los organizadores de los Juegos de Tokio por recortar el presupuesto en la manera en que los eventos ser\u00e1n presentados en las sedes el pr\u00f3ximo a\u00f1o. Menos de 15 meses antes de la inauguraci\u00f3n ol\u00edmpica, prevista para el 24 de [&hellip;]<\/p>\n","protected":false},"author":9,"featured_media":52827,"comment_status":"closed","ping_status":"closed","sticky":false,"template":"","format":"standard","meta":[],"categories":[2,60],"tags":[],"acf":[],"_links":{"self":[{"href":"https:\/\/colimdo.org\/wp-api\/wp\/v2\/posts\/52826"}],"collection":[{"href":"https:\/\/colimdo.org\/wp-api\/wp\/v2\/posts"}],"about":[{"href":"https:\/\/colimdo.org\/wp-api\/wp\/v2\/types\/post"}],"author":[{"embeddable":true,"href":"https:\/\/colimdo.org\/wp-api\/wp\/v2\/users\/9"}],"replies":[{"embeddable":true,"href":"https:\/\/colimdo.org\/wp-api\/wp\/v2\/comments?post=52826"}],"version-history":[{"count":1,"href":"https:\/\/colimdo.org\/wp-api\/wp\/v2\/posts\/52826\/revisions"}],"predecessor-version":[{"id":52828,"href":"https:\/\/colimdo.org\/wp-api\/wp\/v2\/posts\/52826\/revisions\/52828"}],"wp:featuredmedia":[{"embeddable":true,"href":"https:\/\/colimdo.org\/wp-api\/wp\/v2\/media\/52827"}],"wp:attachment":[{"href":"https:\/\/colimdo.org\/wp-api\/wp\/v2\/media?parent=52826"}],"wp:term":[{"taxonomy":"category","embeddable":true,"href":"https:\/\/colimdo.org\/wp-api\/wp\/v2\/categories?post=52826"},{"taxonomy":"post_tag","embeddable":true,"href":"https:\/\/colimdo.org\/wp-api\/wp\/v2\/tags?post=52826"}],"curies":[{"name":"wp","href":"https:\/\/api.w.org\/{rel}","templated":true}]}}