{"id":52830,"date":"2019-05-08T03:24:41","date_gmt":"2019-05-08T03:24:41","guid":{"rendered":"https:\/\/colimdo.org\/?p=52830"},"modified":"2019-05-08T10:10:51","modified_gmt":"2019-05-08T10:10:51","slug":"federer-logro-regreso-triunfal-jugando-arcilla","status":"publish","type":"post","link":"https:\/\/colimdo.org\/noticias\/federer-logro-regreso-triunfal-jugando-arcilla\/","title":{"rendered":"Federer logr\u00f3 regreso triunfal jugando en arcilla"},"content":{"rendered":"<p>MADRID (AP) \u2014 Jugando en una cancha de arcilla por primera vez desde 2016, Roger Federer venci\u00f3 el martes 6-2, 6-3 a Richard Gasquet, para avanzar a la tercera ronda del Abierto de Madrid, un torneo que gan\u00f3 por \u00faltima vez en el 2012.<\/p>\n<p>El suizo de 37 a\u00f1os no particip\u00f3 en torneos en arcilla en las dos campa\u00f1as previas para asegurarse de que estaba en plena forma el resto de la temporada.<\/p>\n<p>El ganador de 20 torneos de Grand Slam se prepara para actuar en el Abierto de Francia por primera vez desde 2015. Ha ganado dos torneos en superficie dura este a\u00f1o, D\u00fabai y Miami.<\/p>\n<p>\u201cPara ser sincero, no demasiado\u201d, respondi\u00f3 el astro suizo cuando se le pregunt\u00f3 si hab\u00eda echado de menos jugar en arcilla. \u201cEn 2016 igual s\u00ed la ech\u00e9 de menos y luego en 2018 pens\u00e9 que si hab\u00eda funcionado en 2017 (a\u00f1o en el que gan\u00f3 Wimbledon tras saltarse la temporada en tierra batida) por qu\u00e9 no repetirlo. Pero no le ech\u00e9 mucho de menos porque me estaba divirtiendo en otros sitios\u201d.<\/p>\n<p>Cuarta cabeza de serie en la capital espa\u00f1ola, Federer convirti\u00f3 sus tres break points y no concedi\u00f3 ninguno ante el franc\u00e9s Gasquet.<\/p>\n<p>Previamente, Novak Djokovic avanz\u00f3 tambi\u00e9n a la tercera ronda con una f\u00e1cil victoria 6-4, 6-2 sobre el estadounidense Taylor Fritz.<\/p>\n<p>El n\u00famero uno mundial le rompi\u00f3 el servicio a Fritz una vez en el primer set y dos en el segundo, al tiempo que solamente permit\u00eda una oportunidad de quiebre. El serbio busca su segundo t\u00edtulo del a\u00f1o y tercero en total en Madrid.<\/p>\n<p>\u201cNo pienso que \u00e9l jug\u00f3 en su mejor forma hoy\u201d, dijo Djokovic. \u201cPero pienso que para m\u00ed fue un s\u00f3lido arranque de match en el torneo\u201d.<\/p>\n<p>Tras abrir la temporada ganando el Abierto de Australia, Djokovic encaden\u00f3 resultados mediocres en los torneos de Indian Wells, Miami y Montecarlo.<\/p>\n<p>David Ferrer extendi\u00f3 su carrera con una victoria 6-4, 4-6, 6-4 sobre si compatriota espa\u00f1ol Roberto Bautista Agut y se medir\u00e1 ahora con el campe\u00f3n defensor Alexander Zverev. Ferrer, de 37 a\u00f1os, se retira tras el torneo.<\/p>\n<p>Los argentinos Guido Pella y Diego Schwartzman dejaron en el camino a dos cabezas de serie en sus debuts.<\/p>\n<div class=\"Article\" data-key=\"article\">\n<p>Pella, quien este a\u00f1o conquist\u00f3 su primer t\u00edtulo al coronarse en el Abierto de Brasil, dio cuenta 6-2, 1-6, 6-3 del 12do preclasificado Daniil Medvedev. El ruso es l\u00edder de victorias del circuito con 25.<\/p>\n<p>El rival de turno de Pella ser\u00e1 el suizo Stan Wawrinka, quien sali\u00f3 de una racha de tres derrotas en Madrid con un triunfo de 6-2, 6-3 sobre el franc\u00e9s Pierre-Hugues Herbert.<\/p>\n<p>En la rama femenina, la rumana Simona Halep venci\u00f3 7-5, 6-1 a la brit\u00e1nica Johanna Konta en la segunda ronda. La n\u00famero 1 mundial Naomi Osaka venci\u00f3 a Sara Sorribes Tormo 7-6 (5), 3-6, 6-0. Angelique Kerber se retir\u00f3 antes de su duelo con Petra Martic.<\/p>\n<\/div>\n<aside class=\"RightRail\">\n<div id=\"div-gpt-ad-1461247613791-2\" class=\"DFPSlot\" data-key=\"ad-placeholder\" data-google-query-id=\"CIePoYL9iuICFZ0UswAdN_oCNA\"><\/div>\n<\/aside>\n","protected":false},"excerpt":{"rendered":"<p>MADRID (AP) \u2014 Jugando en una cancha de arcilla por primera vez desde 2016, Roger Federer venci\u00f3 el martes 6-2, 6-3 a Richard Gasquet, para avanzar a la tercera ronda del Abierto de Madrid, un torneo que gan\u00f3 por \u00faltima vez en el 2012. El suizo de 37 a\u00f1os no particip\u00f3 en torneos en arcilla [&hellip;]<\/p>\n","protected":false},"author":9,"featured_media":52831,"comment_status":"closed","ping_status":"closed","sticky":false,"template":"","format":"standard","meta":[],"categories":[2,60],"tags":[],"acf":[],"_links":{"self":[{"href":"https:\/\/colimdo.org\/wp-api\/wp\/v2\/posts\/52830"}],"collection":[{"href":"https:\/\/colimdo.org\/wp-api\/wp\/v2\/posts"}],"about":[{"href":"https:\/\/colimdo.org\/wp-api\/wp\/v2\/types\/post"}],"author":[{"embeddable":true,"href":"https:\/\/colimdo.org\/wp-api\/wp\/v2\/users\/9"}],"replies":[{"embeddable":true,"href":"https:\/\/colimdo.org\/wp-api\/wp\/v2\/comments?post=52830"}],"version-history":[{"count":1,"href":"https:\/\/colimdo.org\/wp-api\/wp\/v2\/posts\/52830\/revisions"}],"predecessor-version":[{"id":52832,"href":"https:\/\/colimdo.org\/wp-api\/wp\/v2\/posts\/52830\/revisions\/52832"}],"wp:featuredmedia":[{"embeddable":true,"href":"https:\/\/colimdo.org\/wp-api\/wp\/v2\/media\/52831"}],"wp:attachment":[{"href":"https:\/\/colimdo.org\/wp-api\/wp\/v2\/media?parent=52830"}],"wp:term":[{"taxonomy":"category","embeddable":true,"href":"https:\/\/colimdo.org\/wp-api\/wp\/v2\/categories?post=52830"},{"taxonomy":"post_tag","embeddable":true,"href":"https:\/\/colimdo.org\/wp-api\/wp\/v2\/tags?post=52830"}],"curies":[{"name":"wp","href":"https:\/\/api.w.org\/{rel}","templated":true}]}}