{"id":52833,"date":"2019-05-08T03:27:55","date_gmt":"2019-05-08T03:27:55","guid":{"rendered":"https:\/\/colimdo.org\/?p=52833"},"modified":"2019-05-08T03:27:55","modified_gmt":"2019-05-08T03:27:55","slug":"presidente-panam-sports-garantiza-lima-2019-hara-historia","status":"publish","type":"post","link":"https:\/\/colimdo.org\/noticias\/presidente-panam-sports-garantiza-lima-2019-hara-historia\/","title":{"rendered":"Presidente Panam Sports garantiza Lima 2019 har\u00e1 historia"},"content":{"rendered":"<p>A 80 d\u00edas de la inauguraci\u00f3n de los Juegos Panamericanos, el Presidente de Panam Sports, Neven Ilic, regres\u00f3 al Per\u00fa para recorrer las sedes que acoger\u00e1n la mayor fiesta multideportiva del continente, que se realizar\u00e1 por primera vez en la historia de nuestro pa\u00eds.<\/p>\n<p>Acompa\u00f1ado de sus directivos, Keith Joseph (Tercer Vicepresidente de Panam Sports), Ivar Sisniega (Secretario General), Sara Rosario (Presidenta del Comit\u00e9 Ol\u00edmpico de Puerto Rico) y Nicole Hoevertsz (representante de Aruba), la delegaci\u00f3n visit\u00f3 los principales escenarios de la Villa Deportiva Nacional, como el Estadio Atl\u00e9tico, el Centro Acu\u00e1tico y el Vel\u00f3dromo; as\u00ed como la Escuela de Equitaci\u00f3n del Ej\u00e9rcito, sede de los Deportes Ecuestres; y el Estadio Nacional, que ser\u00e1 el escenario estelar de las Ceremonias de Inauguraci\u00f3n y Clausura de los Juegos Panamericanos.<\/p>\n<p>En la Escuela de Equitaci\u00f3n del Ej\u00e9rcito, Neven Ilic, fue recibido por el Presidente de Lima 2019, Carlos Neuhaus Tudela, con quien recorri\u00f3 la sede ubicada en el distrito de La Molina. Luego de las visitas, Neven Ilic destac\u00f3 los avances logrados hasta el momento en la construcci\u00f3n y renovaci\u00f3n de las sedes deportivas, para recibir a cerca de 10 mil deportistas y oficiales t\u00e9cnicos desde el mes de julio.<\/p>\n<p>\u201cNo me canso de alabar todo lo que han hecho en Lima 2019. Est\u00e1n incre\u00edbles las sedes y en el plazo que se ha hecho. Recuerdo que estuvimos hace un a\u00f1o y medio, y no hab\u00eda nada. Planificamos todo profesionalmente, era dif\u00edcil lograrlo, pero se logr\u00f3 con creces, en tiempo y en calidad. Lo que se ha construido en Lima es de calidad ol\u00edmpica y mundial. Es un legado maravilloso para la vida del deporte peruano. Cada d\u00eda me siento m\u00e1s contento y orgulloso de lo que se ha hecho\u201d, se\u00f1al\u00f3 el Presidente de Panam Sports.<\/p>\n<p>\u201cCamino a Lima 2019, debemos seguir afinando detalles. Es una fiesta muy grande. La infraestructura est\u00e1 ok, pero los Juegos son mucho m\u00e1s. La experiencia completa debe ser extraordinaria. Faltan detalles peque\u00f1os, pero no me cabe duda que, con el profesionalismo del Comit\u00e9 Organizador, se va a lograr\u201d, expres\u00f3.<\/p>\n<p>Neven Ilic se\u00f1al\u00f3 sus m\u00e1ximas expectativas en la realizaci\u00f3n de los Juegos Panamericanos en el Per\u00fa. \u201cNo me cabe duda de que Lima 2019 har\u00e1 historia. Lo que estoy viendo, no lo he visto en ning\u00fan lado. Es una \u2018vallaza\u2019 para Chile 2023. Es algo muy grande, de lo que no se han dado cuenta\u201d, enfatiz\u00f3.<\/p>\n<p>El titular del deporte panamericano se\u00f1al\u00f3 que al tener 23 disciplinas clasificatorias a los Juegos Ol\u00edmpicos Tokio 2020, tendremos a los mejores representantes del continente desde el mes de julio. \u201cTenemos a los mejores exponentes de Am\u00e9rica y del mundo en muchos deportes. Este continente tiene en varios deportes a los mejores representantes ol\u00edmpicos y del mundo, y ese espect\u00e1culo deportivo lo veremos ac\u00e1 en Lima\u201d, afirm\u00f3 Neven Ilic.<\/p>\n<p><strong>ACERCA DE LIMA 2019<\/strong><\/p>\n<p>Los Juegos Panamericanos congregar\u00e1n a 6,680 deportistas de 41 pa\u00edses y delegaciones de toda Am\u00e9rica. Ser\u00e1n en total 17 d\u00edas de competencias y ceremonias, entre el 26 de julio y el 11 de agosto, que se desarrollar\u00e1n en 14 distritos de Lima y Callao en distintas sedes como la VIDENA, Complejo Deportivo Villa Mar\u00eda del Triunfo, Villa Deportiva Regional del Callao, Polideportivo Villa El Salvador, Punta Rocas, entre otros.<\/p>\n<p>En los Juegos Panamericanos se celebrar\u00e1n un total de 39 deportes, que incluyen un n\u00famero de 62 disciplinas, en las que se competir\u00e1n por las medallas de oro, plata y bronce. Un total de 23 disciplinas son clasificatorias para los Juegos Ol\u00edmpicos de Tokio 2020.<\/p>\n<p>Los Juegos Parapanamericanos, albergar\u00e1n a 1,890 Para Atletas de 33 pa\u00edses, que participar\u00e1n en 17 deportes y 18 disciplinas. Las competencias se realizar\u00e1n entre el 23 de agosto y el 1 de setiembre de 2019. 14 deportes entregar\u00e1n cupos a los Juegos Paral\u00edmpicos Tokio 2020.<\/p>\n<p><strong>ACERCA DE PANAM SPORTS<\/strong><\/p>\n<p>Panam Sports (antes Organizaci\u00f3n Deportiva Panamericana &#8211; ODEPA) es el \u00f3rgano que rige los Juegos Panamericanos, cuya estructura y las acciones se definen por la Carta Ol\u00edmpica. Panam Sports es el l\u00edder del deporte y del Movimiento Ol\u00edmpico de Am\u00e9rica e impulsa el desarrollo del deporte y apoya el trabajo de sus 41 Comit\u00e9s Ol\u00edmpicos Nacionales miembros, para inspirar a m\u00e1s actuaciones de clase mundial y la pr\u00f3xima generaci\u00f3n de atletas en toda nuestra regi\u00f3n.<\/p>\n","protected":false},"excerpt":{"rendered":"<p>A 80 d\u00edas de la inauguraci\u00f3n de los Juegos Panamericanos, el Presidente de Panam Sports, Neven Ilic, regres\u00f3 al Per\u00fa para recorrer las sedes que acoger\u00e1n la mayor fiesta multideportiva del continente, que se realizar\u00e1 por primera vez en la historia de nuestro pa\u00eds. Acompa\u00f1ado de sus directivos, Keith Joseph (Tercer Vicepresidente de Panam Sports), [&hellip;]<\/p>\n","protected":false},"author":9,"featured_media":52834,"comment_status":"closed","ping_status":"closed","sticky":false,"template":"","format":"standard","meta":[],"categories":[2,60],"tags":[],"acf":[],"_links":{"self":[{"href":"https:\/\/colimdo.org\/wp-api\/wp\/v2\/posts\/52833"}],"collection":[{"href":"https:\/\/colimdo.org\/wp-api\/wp\/v2\/posts"}],"about":[{"href":"https:\/\/colimdo.org\/wp-api\/wp\/v2\/types\/post"}],"author":[{"embeddable":true,"href":"https:\/\/colimdo.org\/wp-api\/wp\/v2\/users\/9"}],"replies":[{"embeddable":true,"href":"https:\/\/colimdo.org\/wp-api\/wp\/v2\/comments?post=52833"}],"version-history":[{"count":1,"href":"https:\/\/colimdo.org\/wp-api\/wp\/v2\/posts\/52833\/revisions"}],"predecessor-version":[{"id":52835,"href":"https:\/\/colimdo.org\/wp-api\/wp\/v2\/posts\/52833\/revisions\/52835"}],"wp:featuredmedia":[{"embeddable":true,"href":"https:\/\/colimdo.org\/wp-api\/wp\/v2\/media\/52834"}],"wp:attachment":[{"href":"https:\/\/colimdo.org\/wp-api\/wp\/v2\/media?parent=52833"}],"wp:term":[{"taxonomy":"category","embeddable":true,"href":"https:\/\/colimdo.org\/wp-api\/wp\/v2\/categories?post=52833"},{"taxonomy":"post_tag","embeddable":true,"href":"https:\/\/colimdo.org\/wp-api\/wp\/v2\/tags?post=52833"}],"curies":[{"name":"wp","href":"https:\/\/api.w.org\/{rel}","templated":true}]}}