{"id":52866,"date":"2019-05-08T18:33:24","date_gmt":"2019-05-08T18:33:24","guid":{"rendered":"https:\/\/colimdo.org\/?p=52866"},"modified":"2019-05-08T18:33:24","modified_gmt":"2019-05-08T18:33:24","slug":"policia-hara-vii-copa-golf-ley-orden","status":"publish","type":"post","link":"https:\/\/colimdo.org\/noticias\/policia-hara-vii-copa-golf-ley-orden\/","title":{"rendered":"Polic\u00eda har\u00e1 su VII Copa de Golf Ley y Orden"},"content":{"rendered":"<p>SANTO DOMINGO. La Asociaci\u00f3n de Esposas de Oficiales de la Polic\u00eda Nacional (ASEOPNA), que preside Olimpia Lora de Bautista, anunci\u00f3 la celebraci\u00f3n de la VII Copa de Golf Ley y Orden, durante un acto efectuado en el Club para Oficiales, ubicado en la sede principal de esta instituci\u00f3n.<\/p>\n<p>El torneo se disputar\u00e1 el pr\u00f3ximo s\u00e1bado, en las comodidades del campo Punta Espada, del complejo tur\u00edstico hotelero Cap Cana y cuenta con el aval de la Federaci\u00f3n Dominicana de Golf (FEDOGOLF).<br \/>\nLa justa ser\u00e1 mediante el formato de parejas \u201cBest Ball\u201d y se jugar\u00e1 por categor\u00edas (A, B y C), seg\u00fan el h\u00e1ndicap y la edad, para buscar una mejor equidad durante la competencia que recaudar\u00e1 fondos para las actividades que desarrolla Aseopna.<\/p>\n<p>El mayor general Ney Aldrin Bautista Almonte, director general de la Polic\u00eda Nacional, agradeci\u00f3 el respaldo recibido por los empresarios que \u201ccada a\u00f1o aportan un granito de arena para hacer posible que muchos de los hijos de nuestros agentes tengan \u00fatiles escolares\u201d, entre otras actividades como las del d\u00eda de las madres y la de los Santos Reyes.<\/p>\n<p>Las explicaciones t\u00e9cnicas estuvieron a cargo del se\u00f1or Jos\u00e9 Luis Placeres, director t\u00e9cnico de Fedogolf, quien adem\u00e1s invit\u00f3 a todos los interesados a inscribirse a trav\u00e9s de las oficinas de la federaci\u00f3n y en la Asociaci\u00f3n de Esposas de Oficiales de la Polic\u00eda.<\/p>\n","protected":false},"excerpt":{"rendered":"<p>El torneo se disputar\u00e1 el pr\u00f3ximo s\u00e1bado, en las comodidades del campo Punta Espada, del complejo tur\u00edstico hotelero Cap Cana y cuenta con el aval de la Federaci\u00f3n Dominicana de Golf (FEDOGOLF).<\/p>\n","protected":false},"author":16,"featured_media":52868,"comment_status":"closed","ping_status":"closed","sticky":false,"template":"","format":"standard","meta":[],"categories":[2,60],"tags":[],"acf":[],"_links":{"self":[{"href":"https:\/\/colimdo.org\/wp-api\/wp\/v2\/posts\/52866"}],"collection":[{"href":"https:\/\/colimdo.org\/wp-api\/wp\/v2\/posts"}],"about":[{"href":"https:\/\/colimdo.org\/wp-api\/wp\/v2\/types\/post"}],"author":[{"embeddable":true,"href":"https:\/\/colimdo.org\/wp-api\/wp\/v2\/users\/16"}],"replies":[{"embeddable":true,"href":"https:\/\/colimdo.org\/wp-api\/wp\/v2\/comments?post=52866"}],"version-history":[{"count":2,"href":"https:\/\/colimdo.org\/wp-api\/wp\/v2\/posts\/52866\/revisions"}],"predecessor-version":[{"id":52869,"href":"https:\/\/colimdo.org\/wp-api\/wp\/v2\/posts\/52866\/revisions\/52869"}],"wp:featuredmedia":[{"embeddable":true,"href":"https:\/\/colimdo.org\/wp-api\/wp\/v2\/media\/52868"}],"wp:attachment":[{"href":"https:\/\/colimdo.org\/wp-api\/wp\/v2\/media?parent=52866"}],"wp:term":[{"taxonomy":"category","embeddable":true,"href":"https:\/\/colimdo.org\/wp-api\/wp\/v2\/categories?post=52866"},{"taxonomy":"post_tag","embeddable":true,"href":"https:\/\/colimdo.org\/wp-api\/wp\/v2\/tags?post=52866"}],"curies":[{"name":"wp","href":"https:\/\/api.w.org\/{rel}","templated":true}]}}