{"id":52870,"date":"2019-05-08T18:41:57","date_gmt":"2019-05-08T18:41:57","guid":{"rendered":"https:\/\/colimdo.org\/?p=52870"},"modified":"2019-05-08T18:41:57","modified_gmt":"2019-05-08T18:41:57","slug":"presidente-la-aiba-desmiente-una-accion-judicial-coi","status":"publish","type":"post","link":"https:\/\/colimdo.org\/noticias\/presidente-la-aiba-desmiente-una-accion-judicial-coi\/","title":{"rendered":"El presidente de la AIBA desmiente una acci\u00f3n judicial contra el COI"},"content":{"rendered":"<p>AFP. El presidente interino de la Federaci\u00f3n Internacional de Boxeo (AIBA), el marroqu\u00ed Mohamed Moustahsane, calm\u00f3 las aguas este mi\u00e9rcoles y desminti\u00f3 que su federaci\u00f3n contemple una acci\u00f3n en la justicia contra el COI si es descartada de la organizaci\u00f3n de los Juegos Ol\u00edmpicos de Tokio-2020.<\/p>\n<p>En una informaci\u00f3n transmitida a la AFP en Gold Coast, donde los dirigentes de las federaciones mundiales se re\u00fanen en la convenci\u00f3n SportAccord, la AIBA anunci\u00f3 el martes que su comit\u00e9 ejecutivo se reunir\u00e1 el 18 de mayo en Lausana \u201cpara examinar todas las opciones, incluyendo las judiciales, debido a que el COI ha violado la carta ol\u00edmpica\u201d.<\/p>\n<p>\u201cNo habr\u00e1 una acci\u00f3n en la justicia porque somos una organizaci\u00f3n deportiva, por lo que seguiremos al nivel deportivo\u201d, explic\u00f3 Moustahsane este mi\u00e9rcoles.<\/p>\n<p>La comisi\u00f3n ejecutiva del COI decidir\u00e1 el 22 de mayo si excluye o no a la AIBA de la organizaci\u00f3n del torneo de boxeo de los Juegos. Si fuera descartada, el COI organizar\u00e1 por s\u00ed mismo la competici\u00f3n.<\/p>\n<p>\u201cComo presidente de la AIBA sigo teniendo confianza en que encontremos un medio de arreglar los problemas y que la AIBA seguir\u00e1 siendo una federaci\u00f3n que participe en los Juegos\u201d, a\u00f1adi\u00f3 Moustahsane, tambi\u00e9n presidente de la Confederaci\u00f3n Africana de Boxeo.<\/p>\n<p>La comisi\u00f3n de investigaci\u00f3n del COI convoc\u00f3 a los responsables de la AIBA a responder, el 20 de mayo en Lausana, a varias cuestiones, a solo dos d\u00edas de la decisi\u00f3n que tomar\u00e1 la comisi\u00f3n ejecutiva del COI.<\/p>\n<p>\u201cEstar\u00e9 all\u00ed, acompa\u00f1ado de personas clave que podr\u00e1n responder a cuestiones para defender la posici\u00f3n de la AIBA y decir que estamos preparados para organizar el torneo ol\u00edmpico y la clasificaci\u00f3n\u201d, subray\u00f3 el marroqu\u00ed.<\/p>\n<p>Si la AIBA es excluida de los Juegos de Tokio, no se beneficiar\u00e1 de la ayuda econ\u00f3mica sustancial que paga el COI a las federaciones de los deportes ol\u00edmpicos.<\/p>\n<p>Frente a las preocupaciones sobre la gobernanza, las finanzas y el arbitraje, y despu\u00e9s de la llegada a la presidencia del controvertido hombre de negocios uzbeco Gafur Rakhimov, el COI hab\u00eda anunciado en diciembre pasado que congelaba la organizaci\u00f3n del torneo ol\u00edmpico de boxeo y abr\u00eda una investigaci\u00f3n sobre esta federaci\u00f3n, en crisis desde hace a\u00f1os.<\/p>\n<p>A finales de marzo, Rakhimov anunciaba su dimisi\u00f3n y Moustahsane se convert\u00eda en presidente interino.<\/p>\n","protected":false},"excerpt":{"rendered":"<p>La comisi\u00f3n ejecutiva del COI decidir\u00e1 el 22 de mayo si excluye o no a la AIBA de la organizaci\u00f3n del torneo de boxeo de los Juegos Ol\u00edmpicos.<\/p>\n","protected":false},"author":16,"featured_media":52871,"comment_status":"closed","ping_status":"closed","sticky":false,"template":"","format":"standard","meta":[],"categories":[2,60],"tags":[],"acf":[],"_links":{"self":[{"href":"https:\/\/colimdo.org\/wp-api\/wp\/v2\/posts\/52870"}],"collection":[{"href":"https:\/\/colimdo.org\/wp-api\/wp\/v2\/posts"}],"about":[{"href":"https:\/\/colimdo.org\/wp-api\/wp\/v2\/types\/post"}],"author":[{"embeddable":true,"href":"https:\/\/colimdo.org\/wp-api\/wp\/v2\/users\/16"}],"replies":[{"embeddable":true,"href":"https:\/\/colimdo.org\/wp-api\/wp\/v2\/comments?post=52870"}],"version-history":[{"count":1,"href":"https:\/\/colimdo.org\/wp-api\/wp\/v2\/posts\/52870\/revisions"}],"predecessor-version":[{"id":52872,"href":"https:\/\/colimdo.org\/wp-api\/wp\/v2\/posts\/52870\/revisions\/52872"}],"wp:featuredmedia":[{"embeddable":true,"href":"https:\/\/colimdo.org\/wp-api\/wp\/v2\/media\/52871"}],"wp:attachment":[{"href":"https:\/\/colimdo.org\/wp-api\/wp\/v2\/media?parent=52870"}],"wp:term":[{"taxonomy":"category","embeddable":true,"href":"https:\/\/colimdo.org\/wp-api\/wp\/v2\/categories?post=52870"},{"taxonomy":"post_tag","embeddable":true,"href":"https:\/\/colimdo.org\/wp-api\/wp\/v2\/tags?post=52870"}],"curies":[{"name":"wp","href":"https:\/\/api.w.org\/{rel}","templated":true}]}}