{"id":52876,"date":"2019-05-08T18:51:38","date_gmt":"2019-05-08T18:51:38","guid":{"rendered":"https:\/\/colimdo.org\/?p=52876"},"modified":"2019-05-08T18:51:38","modified_gmt":"2019-05-08T18:51:38","slug":"ministerio-deportes-intervendra-polideportivo-puerto-plata","status":"publish","type":"post","link":"https:\/\/colimdo.org\/noticias\/ministerio-deportes-intervendra-polideportivo-puerto-plata\/","title":{"rendered":"Ministerio de Deportes intervendr\u00e1 polideportivo de Puerto Plata"},"content":{"rendered":"<p>SANTO DOMINGO.- El ministro de Deportes, Danilo D\u00edaz, anunci\u00f3 la ma\u00f1ana de este mi\u00e9rcoles que esa instituci\u00f3n intervendr\u00e1 oficialmente el polideportivo, Fabio Rafael Gonz\u00e1lez, el cual se encuentra en condiciones deplorables, en la provincia de Puerto Plata.<\/p>\n<p>D\u00edaz indic\u00f3 que el d\u00eda 24 de este mes de mayo el MIDEREC se adjudicar\u00e1 la reparaci\u00f3n del multiuso, el cual contar\u00e1 con un presupuesto estimado de RD$ 49 millones.<\/p>\n<p>El anuncio fue realizado en medio de una rueda de prensa con representantes de diversos miembros de la prensa, en la sede central de la instituci\u00f3n, ubicada en el Centro Ol\u00edmpico, Juan Pablo Duarte.<\/p>\n<p>La obra, seg\u00fan el propio ministro, ser\u00e1 entregada completamente reparada en el mes de septiembre de este a\u00f1o 2019.<\/p>\n<p>De su lado, Mileyka Brugal, presidenta de los Huracanes del Atl\u00e1ntico, y el senador de la provincia, Jos\u00e9 Ignacio Paliza, acogieron con entusiasmo la medida anunciada por el ministro de Deporte.<\/p>\n","protected":false},"excerpt":{"rendered":"<p>El ministro de Deportes, Danilo D\u00edaz, anunci\u00f3 la ma\u00f1ana de este mi\u00e9rcoles que esa instituci\u00f3n intervendr\u00e1 oficialmente el polideportivo, Fabio Rafael Gonz\u00e1lez, el cual se encuentra en condiciones deplorables, en la provincia de Puerto Plata.<\/p>\n","protected":false},"author":16,"featured_media":52877,"comment_status":"closed","ping_status":"closed","sticky":false,"template":"","format":"standard","meta":[],"categories":[2,60],"tags":[],"acf":[],"_links":{"self":[{"href":"https:\/\/colimdo.org\/wp-api\/wp\/v2\/posts\/52876"}],"collection":[{"href":"https:\/\/colimdo.org\/wp-api\/wp\/v2\/posts"}],"about":[{"href":"https:\/\/colimdo.org\/wp-api\/wp\/v2\/types\/post"}],"author":[{"embeddable":true,"href":"https:\/\/colimdo.org\/wp-api\/wp\/v2\/users\/16"}],"replies":[{"embeddable":true,"href":"https:\/\/colimdo.org\/wp-api\/wp\/v2\/comments?post=52876"}],"version-history":[{"count":1,"href":"https:\/\/colimdo.org\/wp-api\/wp\/v2\/posts\/52876\/revisions"}],"predecessor-version":[{"id":52878,"href":"https:\/\/colimdo.org\/wp-api\/wp\/v2\/posts\/52876\/revisions\/52878"}],"wp:featuredmedia":[{"embeddable":true,"href":"https:\/\/colimdo.org\/wp-api\/wp\/v2\/media\/52877"}],"wp:attachment":[{"href":"https:\/\/colimdo.org\/wp-api\/wp\/v2\/media?parent=52876"}],"wp:term":[{"taxonomy":"category","embeddable":true,"href":"https:\/\/colimdo.org\/wp-api\/wp\/v2\/categories?post=52876"},{"taxonomy":"post_tag","embeddable":true,"href":"https:\/\/colimdo.org\/wp-api\/wp\/v2\/tags?post=52876"}],"curies":[{"name":"wp","href":"https:\/\/api.w.org\/{rel}","templated":true}]}}