{"id":52919,"date":"2019-05-09T03:59:33","date_gmt":"2019-05-09T03:59:33","guid":{"rendered":"https:\/\/colimdo.org\/?p=52919"},"modified":"2019-05-09T03:59:33","modified_gmt":"2019-05-09T03:59:33","slug":"pedro-luis-garcia-mas-destacado-curso-nacional-coaches-voleibol-rd","status":"publish","type":"post","link":"https:\/\/colimdo.org\/noticias\/pedro-luis-garcia-mas-destacado-curso-nacional-coaches-voleibol-rd\/","title":{"rendered":"Pedro Luis Garc\u00eda, el m\u00e1s destacado en Curso Nacional Coaches Voleibol RD"},"content":{"rendered":"<p>SANTO DOMINGO.- El Curso Nacional de Entrenadores que reuni\u00f3 a cerca de 100 participantes provenientes de toda la Rep\u00fablica Dominicana concluy\u00f3 con resultados satisfactorios.<\/p>\n<p>El curso de cuatro d\u00edas se llev\u00f3 a cabo del 2 al 5 de mayo en el Centro de Desarrollo Regional NORCECA\/FIVB con sede en Santo Domingo, con sesiones pr\u00e1cticas y te\u00f3ricas realizadas por cuatro instructores con mucha experiencia.<\/p>\n<p>Marcos Kwiek de Brasil, Ariel Sainz de Cuba, Alexander Guti\u00e9rrez de Venezuela y Wilson S\u00e1nchez de Rep\u00fablica Dominicana fueron los instructores seleccionados para este curso.<\/p>\n<p>&#8220;Estamos satisfechos con el n\u00famero r\u00e9cord de participantes que refleja la expansi\u00f3n del voleibol en el pa\u00eds, as\u00ed como con los resultados del curso y la participaci\u00f3n proactiva de los entrenadores&#8221;, dijo Nelson Ram\u00edrez, director del centro.<\/p>\n<p>Pedro Luis Garc\u00eda fue el participante que obtuvo las notas m\u00e1s altas y recibi\u00f3 un reconocimiento especial durante la ceremonia de clausura.<\/p>\n<p>El curso fue patrocinado por la Confederaci\u00f3n NORCECA, el Ministerio de Deportes y Recreaci\u00f3n, el Comit\u00e9 Ol\u00edmpico Dominicano y el Instituto de Educaci\u00f3n F\u00edsica.<\/p>\n<p>Ram\u00edrez anunci\u00f3 un curso de arbitraje nacional que se realizar\u00e1 esta semana.<\/p>\n","protected":false},"excerpt":{"rendered":"<p>SANTO DOMINGO.- El Curso Nacional de Entrenadores que reuni\u00f3 a cerca de 100 participantes provenientes de toda la Rep\u00fablica Dominicana concluy\u00f3 con resultados satisfactorios. El curso de cuatro d\u00edas se llev\u00f3 a cabo del 2 al 5 de mayo en el Centro de Desarrollo Regional NORCECA\/FIVB con sede en Santo Domingo, con sesiones pr\u00e1cticas y [&hellip;]<\/p>\n","protected":false},"author":9,"featured_media":52920,"comment_status":"closed","ping_status":"closed","sticky":false,"template":"","format":"standard","meta":[],"categories":[2,60],"tags":[],"acf":[],"_links":{"self":[{"href":"https:\/\/colimdo.org\/wp-api\/wp\/v2\/posts\/52919"}],"collection":[{"href":"https:\/\/colimdo.org\/wp-api\/wp\/v2\/posts"}],"about":[{"href":"https:\/\/colimdo.org\/wp-api\/wp\/v2\/types\/post"}],"author":[{"embeddable":true,"href":"https:\/\/colimdo.org\/wp-api\/wp\/v2\/users\/9"}],"replies":[{"embeddable":true,"href":"https:\/\/colimdo.org\/wp-api\/wp\/v2\/comments?post=52919"}],"version-history":[{"count":1,"href":"https:\/\/colimdo.org\/wp-api\/wp\/v2\/posts\/52919\/revisions"}],"predecessor-version":[{"id":52921,"href":"https:\/\/colimdo.org\/wp-api\/wp\/v2\/posts\/52919\/revisions\/52921"}],"wp:featuredmedia":[{"embeddable":true,"href":"https:\/\/colimdo.org\/wp-api\/wp\/v2\/media\/52920"}],"wp:attachment":[{"href":"https:\/\/colimdo.org\/wp-api\/wp\/v2\/media?parent=52919"}],"wp:term":[{"taxonomy":"category","embeddable":true,"href":"https:\/\/colimdo.org\/wp-api\/wp\/v2\/categories?post=52919"},{"taxonomy":"post_tag","embeddable":true,"href":"https:\/\/colimdo.org\/wp-api\/wp\/v2\/tags?post=52919"}],"curies":[{"name":"wp","href":"https:\/\/api.w.org\/{rel}","templated":true}]}}