{"id":52930,"date":"2019-05-09T15:09:41","date_gmt":"2019-05-09T15:09:41","guid":{"rendered":"https:\/\/colimdo.org\/?p=52930"},"modified":"2019-05-09T15:09:41","modified_gmt":"2019-05-09T15:09:41","slug":"la-iaaf-retira-permiso-competir-velocista-ruso-tras-positivo","status":"publish","type":"post","link":"https:\/\/colimdo.org\/noticias\/la-iaaf-retira-permiso-competir-velocista-ruso-tras-positivo\/","title":{"rendered":"La IAAF retira el permiso para competir a velocista ruso tras positivo"},"content":{"rendered":"<p class=\"canvas-atom canvas-text Mb(1.0em) Mb(0)--sm Mt(0.8em)--sm\">Madrid, 9 may (EFE).- La Federaci\u00f3n Internacional de Atletismo (IAAF) ha retirado la condici\u00f3n de Atleta Neutral Autorizado al velocista ruso Igor Obraztsov, &#8220;despu\u00e9s de que no superase un control antidopaje fuera de competici\u00f3n llevado a cabo el 9 de abril de 2019&#8221;, se\u00f1al\u00f3 el organismo en un comunicado.<\/p>\n<p class=\"canvas-atom canvas-text Mb(1.0em) Mb(0)--sm Mt(0.8em)--sm\">La IAAF ha notificado a la federaci\u00f3n rusa (FRA) que Obraztsov, de 23 a\u00f1os y especialista en el hect\u00f3metro, &#8220;ya no es elegible para competir en pruebas internacionales en 2019, pendiente de la resoluci\u00f3n del caso disciplinario&#8221;.<\/p>\n<p class=\"canvas-atom canvas-text Mb(1.0em) Mb(0)--sm Mt(0.8em)--sm\">La FRA fue suspendida por la IAAF en noviembre de 2015 a ra\u00edz de reiterados esc\u00e1ndalos de dopaje, aunque atletas rusos sin antecedentes de dopaje han podido competir como neutrales desde diciembre de 2016.<\/p>\n<p class=\"canvas-atom canvas-text Mb(1.0em) Mb(0)--sm Mt(0.8em)--sm\">Hasta el momento, 68 atletas rusos hab\u00edan sido autorizados para competir como atletas neutrales autorizados en 2019.<\/p>\n","protected":false},"excerpt":{"rendered":"<p>La IAAF ha notificado a la federaci\u00f3n rusa (FRA) que Obraztsov, de 23 a\u00f1os y especialista en el hect\u00f3metro, &#8220;ya no es elegible para competir en pruebas internacionales en 2019, pendiente de la resoluci\u00f3n del caso disciplinario&#8221;.<\/p>\n","protected":false},"author":16,"featured_media":52931,"comment_status":"closed","ping_status":"closed","sticky":false,"template":"","format":"standard","meta":[],"categories":[2,60],"tags":[],"acf":[],"_links":{"self":[{"href":"https:\/\/colimdo.org\/wp-api\/wp\/v2\/posts\/52930"}],"collection":[{"href":"https:\/\/colimdo.org\/wp-api\/wp\/v2\/posts"}],"about":[{"href":"https:\/\/colimdo.org\/wp-api\/wp\/v2\/types\/post"}],"author":[{"embeddable":true,"href":"https:\/\/colimdo.org\/wp-api\/wp\/v2\/users\/16"}],"replies":[{"embeddable":true,"href":"https:\/\/colimdo.org\/wp-api\/wp\/v2\/comments?post=52930"}],"version-history":[{"count":1,"href":"https:\/\/colimdo.org\/wp-api\/wp\/v2\/posts\/52930\/revisions"}],"predecessor-version":[{"id":52932,"href":"https:\/\/colimdo.org\/wp-api\/wp\/v2\/posts\/52930\/revisions\/52932"}],"wp:featuredmedia":[{"embeddable":true,"href":"https:\/\/colimdo.org\/wp-api\/wp\/v2\/media\/52931"}],"wp:attachment":[{"href":"https:\/\/colimdo.org\/wp-api\/wp\/v2\/media?parent=52930"}],"wp:term":[{"taxonomy":"category","embeddable":true,"href":"https:\/\/colimdo.org\/wp-api\/wp\/v2\/categories?post=52930"},{"taxonomy":"post_tag","embeddable":true,"href":"https:\/\/colimdo.org\/wp-api\/wp\/v2\/tags?post=52930"}],"curies":[{"name":"wp","href":"https:\/\/api.w.org\/{rel}","templated":true}]}}