{"id":52945,"date":"2019-05-09T16:03:59","date_gmt":"2019-05-09T16:03:59","guid":{"rendered":"https:\/\/colimdo.org\/?p=52945"},"modified":"2019-05-09T16:03:59","modified_gmt":"2019-05-09T16:03:59","slug":"marcelo-neveleff-sera-nuevo-director-tecnico-republica-dominicana","status":"publish","type":"post","link":"https:\/\/colimdo.org\/noticias\/marcelo-neveleff-sera-nuevo-director-tecnico-republica-dominicana\/","title":{"rendered":"Marcelo Neveleff ser\u00e1 el nuevo Director T\u00e9cnico de Rep\u00fablica Dominicana"},"content":{"rendered":"<div class=\"x_gmail_attr\" dir=\"ltr\">SANTO DOMINGO.- La Federaci\u00f3n Dominicana de Futbol inform\u00f3 la elecci\u00f3n de Marcelo Neveleff como nuevo director T\u00e9cnico de la Selecci\u00f3n Absoluta y Sub 23 de Rep\u00fablica Dominicana. Igualmente la contrataci\u00f3n de Adolfo Suarez como director t\u00e9cnico de la Selecci\u00f3n Sub 20 del pa\u00eds.<\/div>\n<div>\n<div dir=\"auto\">\n<div><\/div>\n<div>La escogencia se realiz\u00f3 bajo un consenso entre diferentes actores del f\u00fatbol del pa\u00eds, tras una reuni\u00f3n convocada por FEDOFUTBOL en la que participaron el Ministro de Deportes, Danilo D\u00edaz; \u00c1ngel Bali\u00f1o como delegado de los equipos de la LDF ante la federaci\u00f3n; Adalberto Rodr\u00edguez, Rodolfo Guzm\u00e1n y Ruben Garc\u00eda, como candidatos que han manifestado p\u00fablicamente su inter\u00e9s de presidir la Fedofutbol.<\/div>\n<div><\/div>\n<div>Neveleff es el segundo t\u00e9cnico del New England Revolution de la Liga Profesional de Estados Unidos y desde 2007 ha tenido una exitosa carrera profesional en ese pa\u00eds, donde ha dirigido en diferentes categor\u00edas y ha formado parte del cuerpo t\u00e9cnico del equipo norteamericano sub 20 que se proclam\u00f3 campe\u00f3n de CONCACAF en 2016 y 2018, y cuartos de final del mundial de Corea 2017. Adem\u00e1s, en 2016 trabaj\u00f3 junto a Jurgen Klinsmann como scout del equipo de Estados Unidos para la Copa Am\u00e9rica Centenario.<\/div>\n<div><\/div>\n<div>El entrenador argentino de 55 a\u00f1os de edad se integrar\u00e1 a la FEDOFUTBOL en los pr\u00f3ximos d\u00edas, luego de que terminen de cerrar los detalles de su contrataci\u00f3n y tendr\u00e1 como primeros partidos en agenda dos encuentros amistosos, pendientes de confirmaci\u00f3n, con la selecci\u00f3n cubana de F\u00fatbol los cuales se celebrar\u00e1n a principios de junio y de los cuales se dar\u00e1n m\u00e1s detalles luego de la llegada al pa\u00eds de Neveleff.<\/div>\n<div><\/div>\n<div>Por su parte, Su\u00e1rez fue entrenador desde el 1992 hasta 2008 de categor\u00edas mayores y juveniles de Espa\u00f1a. Luego en Rep\u00fablica Dominicana se desempe\u00f1\u00f3 en Casa de Espa\u00f1a, en el Club Barcelona Atl\u00e9tico y en el MC School.<\/div>\n<\/div>\n<\/div>\n","protected":false},"excerpt":{"rendered":"<p>La escogencia se realiz\u00f3 bajo un consenso entre diferentes actores del f\u00fatbol del pa\u00eds, tras una reuni\u00f3n convocada por FEDOFUTBOL en la que participaron el Ministro de Deportes, Danilo D\u00edaz; \u00c1ngel Bali\u00f1o como delegado de los equipos de la LDF ante la federaci\u00f3n; Adalberto Rodr\u00edguez, Rodolfo Guzm\u00e1n y Ruben Garc\u00eda, como candidatos que han manifestado p\u00fablicamente su inter\u00e9s de presidir la Fedofutbol.\u00a0<\/p>\n","protected":false},"author":16,"featured_media":52946,"comment_status":"closed","ping_status":"closed","sticky":false,"template":"","format":"standard","meta":[],"categories":[2,60],"tags":[],"acf":[],"_links":{"self":[{"href":"https:\/\/colimdo.org\/wp-api\/wp\/v2\/posts\/52945"}],"collection":[{"href":"https:\/\/colimdo.org\/wp-api\/wp\/v2\/posts"}],"about":[{"href":"https:\/\/colimdo.org\/wp-api\/wp\/v2\/types\/post"}],"author":[{"embeddable":true,"href":"https:\/\/colimdo.org\/wp-api\/wp\/v2\/users\/16"}],"replies":[{"embeddable":true,"href":"https:\/\/colimdo.org\/wp-api\/wp\/v2\/comments?post=52945"}],"version-history":[{"count":1,"href":"https:\/\/colimdo.org\/wp-api\/wp\/v2\/posts\/52945\/revisions"}],"predecessor-version":[{"id":52947,"href":"https:\/\/colimdo.org\/wp-api\/wp\/v2\/posts\/52945\/revisions\/52947"}],"wp:featuredmedia":[{"embeddable":true,"href":"https:\/\/colimdo.org\/wp-api\/wp\/v2\/media\/52946"}],"wp:attachment":[{"href":"https:\/\/colimdo.org\/wp-api\/wp\/v2\/media?parent=52945"}],"wp:term":[{"taxonomy":"category","embeddable":true,"href":"https:\/\/colimdo.org\/wp-api\/wp\/v2\/categories?post=52945"},{"taxonomy":"post_tag","embeddable":true,"href":"https:\/\/colimdo.org\/wp-api\/wp\/v2\/tags?post=52945"}],"curies":[{"name":"wp","href":"https:\/\/api.w.org\/{rel}","templated":true}]}}