{"id":52950,"date":"2019-05-09T16:22:51","date_gmt":"2019-05-09T16:22:51","guid":{"rendered":"https:\/\/colimdo.org\/?p=52950"},"modified":"2019-05-09T16:23:05","modified_gmt":"2019-05-09T16:23:05","slug":"fedoteme-celebra-desde-este-viernes-nacional-juvenil-salcedo","status":"publish","type":"post","link":"https:\/\/colimdo.org\/noticias\/fedoteme-celebra-desde-este-viernes-nacional-juvenil-salcedo\/","title":{"rendered":"Fedoteme celebra desde este viernes nacional juvenil en Salcedo"},"content":{"rendered":"<p><strong>SALCEDO<\/strong>. Con la participaci\u00f3n de unos 160 atletas, arranca este viernes y hasta el domingo, el torneo Nacional Juvenil de Tenis de Mesa en el Polivalente de la provincia Hermanas Mirabal, con una dedicatoria al ministro de deportes Danilo D\u00edaz Vizca\u00edno.<\/p>\n<p>Las competencias por equipos est\u00e1n pautadas para comenzar este viernes desde las 9:30 de la ma\u00f1ana, mientras que la ceremonia de apertura tendr\u00e1 lugar el s\u00e1bado a las 10:00 de la ma\u00f1ana.<\/p>\n<p>El certamen es organizado por la Federaci\u00f3n Dominicana de Tenis de Mesa (Fedoteme), en coordinaci\u00f3n con la Asociaci\u00f3n de Tenis de Mesa de la provincia Hermanas Mirabal.<\/p>\n<p>Los detalles de la celebraci\u00f3n de la justa deportiva fueron dados a conocer por el empresario Charles Cana\u00e1n, director general del torneo; Juan Vila, director ejecutivo, y el ingeniero Eddy Marte, miembro.<\/p>\n<p>El comit\u00e9 organizador est\u00e1 integrado adem\u00e1s por Noema Mena, Enrique Rosario, Danny Camilo, Andrelina Garc\u00eda, Fernando Tiburcio, Sandy Jos\u00e9 Ortiz, Bienvenido Tejada, Hamlet Vargas, Francisco Valent\u00edn, Domingo Alm\u00e1nzar y Jos\u00e9 Guillermo Disla.<\/p>\n<p>En el torneo nacional de tenis de mesa ver\u00e1n acci\u00f3n unos 160 atletas comprendidos entre las edades de 16 a 18 a\u00f1os, provenientes de un total de 12 asociaciones.<\/p>\n<p>Charles Cana\u00e1n, Vila y Marte aseguraron que han recibido el apoyo de empresas y personalidades como Salcedo Cargo Express, El Ministerio de Deportes, La Oficina Senatorial, El Empresario Art\u00edstico F\u00e9lix Cabrera, Bauta Rojas, el diputado Isidro Rosario, TVS Canal 22, V\u00edctor Toribio SL Evento, Agua De Mayo, Byblos Tapas, el doctor Evelio Gonz\u00e1lez, Telenord y HMTV Canal 33, entre otros.<\/p>\n<p>Entre las asociaciones que tomar\u00e1n parte en el torneo figuran Dajab\u00f3n, Valverde Mao, Santiago, La Vega, S\u00e1nchez Ram\u00edrez y el Distrito Nacional, as\u00ed como San Juan de la Maguana, San Pedro de Macor\u00eds, Espaillat, Santo Domingo, Azua y Hermanas Mirabal, como anfitri\u00f3n.<\/p>\n","protected":false},"excerpt":{"rendered":"<p>El torneo, que tendr\u00e1 la participaci\u00f3n de unos 160 atletas, se celebrar\u00e1 hasta el domingo en el Polivalente de la provincia Hermanas Mirabal (Salcedo).<\/p>\n","protected":false},"author":13,"featured_media":52952,"comment_status":"closed","ping_status":"closed","sticky":false,"template":"","format":"standard","meta":[],"categories":[2,60],"tags":[],"acf":[],"_links":{"self":[{"href":"https:\/\/colimdo.org\/wp-api\/wp\/v2\/posts\/52950"}],"collection":[{"href":"https:\/\/colimdo.org\/wp-api\/wp\/v2\/posts"}],"about":[{"href":"https:\/\/colimdo.org\/wp-api\/wp\/v2\/types\/post"}],"author":[{"embeddable":true,"href":"https:\/\/colimdo.org\/wp-api\/wp\/v2\/users\/13"}],"replies":[{"embeddable":true,"href":"https:\/\/colimdo.org\/wp-api\/wp\/v2\/comments?post=52950"}],"version-history":[{"count":1,"href":"https:\/\/colimdo.org\/wp-api\/wp\/v2\/posts\/52950\/revisions"}],"predecessor-version":[{"id":52953,"href":"https:\/\/colimdo.org\/wp-api\/wp\/v2\/posts\/52950\/revisions\/52953"}],"wp:featuredmedia":[{"embeddable":true,"href":"https:\/\/colimdo.org\/wp-api\/wp\/v2\/media\/52952"}],"wp:attachment":[{"href":"https:\/\/colimdo.org\/wp-api\/wp\/v2\/media?parent=52950"}],"wp:term":[{"taxonomy":"category","embeddable":true,"href":"https:\/\/colimdo.org\/wp-api\/wp\/v2\/categories?post=52950"},{"taxonomy":"post_tag","embeddable":true,"href":"https:\/\/colimdo.org\/wp-api\/wp\/v2\/tags?post=52950"}],"curies":[{"name":"wp","href":"https:\/\/api.w.org\/{rel}","templated":true}]}}