{"id":52955,"date":"2019-05-09T16:43:23","date_gmt":"2019-05-09T16:43:23","guid":{"rendered":"https:\/\/colimdo.org\/?p=52955"},"modified":"2019-05-09T16:45:26","modified_gmt":"2019-05-09T16:45:26","slug":"asiris-sandoval-sobresale-regata-remo-puerto-rico","status":"publish","type":"post","link":"https:\/\/colimdo.org\/noticias\/asiris-sandoval-sobresale-regata-remo-puerto-rico\/","title":{"rendered":"Asiris Sandoval sobresale en regata de Remo en Puerto Rico"},"content":{"rendered":"<p><strong>SANTO DOMINGO<\/strong>. El dominicano Asiris Antonio Sandoval se alz\u00f3 con seis medallas de oro, dos de plata y una de bronce en la Regata Regional\u00a0 Centroamericana de Remo que se celebr\u00f3 en el lago Cerrillo de Ponce, Puerto Rico.<\/p>\n<p>La competici\u00f3n form\u00f3 parte del campamento de Remo, organizado para los atletas que competir\u00e1n en los Juegos Panamericanos de Lima, por la Federaci\u00f3n Internacional de Remo (FISA) y la Federaci\u00f3n de Remo de Puerto Rico.<\/p>\n<p>Sandoval, quien domin\u00f3 las pruebas de single ligero y peso abierto, doble, cu\u00e1druple y combinado, fue el m\u00e1ximo ganador de la regata donde participaron atletas de Rep\u00fablica Dominicana, Islas V\u00edrgenes estadounidenses, Guatemala y Puerto Rico.<\/p>\n<p>Brayan Chalas, entrenador de la selecci\u00f3n nacional, obtuvo la clasificaci\u00f3n como t\u00e9cnico nivel 1 de FISA,\u00a0 y el delegado Arismendy G\u00f3mez, lo hizo como juez.<\/p>\n<p>El equipo dominicano cont\u00f3 con el apoyo del Programa de Solidaridad Ol\u00edmpica del Comit\u00e9 Ol\u00edmpico Dominicano (COD) y el Ministerio de Deportes.<\/p>\n<p>Andr\u00e9s Osiris Tejeda Cess\u00e9, presidente de la Federaci\u00f3n Dominicana de Remo y Canotaje (Fedoreca), dijo que los resultados forman parte del trabajo que realiza la organizaci\u00f3n de cara a los Juegos Panamericanos de Per\u00fa.<\/p>\n","protected":false},"excerpt":{"rendered":"<p>El atleta dominicano obtuvo seis medallas de oro, dos de plata y una de bronce en el certamen celebrado en Ponce, Puerto Rico, preparatorio para los Juegos Panamericanos.<\/p>\n","protected":false},"author":13,"featured_media":52956,"comment_status":"closed","ping_status":"closed","sticky":false,"template":"","format":"standard","meta":[],"categories":[2,60],"tags":[],"acf":[],"_links":{"self":[{"href":"https:\/\/colimdo.org\/wp-api\/wp\/v2\/posts\/52955"}],"collection":[{"href":"https:\/\/colimdo.org\/wp-api\/wp\/v2\/posts"}],"about":[{"href":"https:\/\/colimdo.org\/wp-api\/wp\/v2\/types\/post"}],"author":[{"embeddable":true,"href":"https:\/\/colimdo.org\/wp-api\/wp\/v2\/users\/13"}],"replies":[{"embeddable":true,"href":"https:\/\/colimdo.org\/wp-api\/wp\/v2\/comments?post=52955"}],"version-history":[{"count":1,"href":"https:\/\/colimdo.org\/wp-api\/wp\/v2\/posts\/52955\/revisions"}],"predecessor-version":[{"id":52957,"href":"https:\/\/colimdo.org\/wp-api\/wp\/v2\/posts\/52955\/revisions\/52957"}],"wp:featuredmedia":[{"embeddable":true,"href":"https:\/\/colimdo.org\/wp-api\/wp\/v2\/media\/52956"}],"wp:attachment":[{"href":"https:\/\/colimdo.org\/wp-api\/wp\/v2\/media?parent=52955"}],"wp:term":[{"taxonomy":"category","embeddable":true,"href":"https:\/\/colimdo.org\/wp-api\/wp\/v2\/categories?post=52955"},{"taxonomy":"post_tag","embeddable":true,"href":"https:\/\/colimdo.org\/wp-api\/wp\/v2\/tags?post=52955"}],"curies":[{"name":"wp","href":"https:\/\/api.w.org\/{rel}","templated":true}]}}