{"id":52958,"date":"2019-05-09T17:07:34","date_gmt":"2019-05-09T17:07:34","guid":{"rendered":"https:\/\/colimdo.org\/?p=52958"},"modified":"2019-05-09T17:07:34","modified_gmt":"2019-05-09T17:07:34","slug":"cuarteta-dominicana-4x100-busca-japon-la-clasificacion-al-mundial-doha","status":"publish","type":"post","link":"https:\/\/colimdo.org\/noticias\/cuarteta-dominicana-4x100-busca-japon-la-clasificacion-al-mundial-doha\/","title":{"rendered":"Cuarteta Dominicana de 4&#215;100 busca en Jap\u00f3n la clasificaci\u00f3n al Mundial de Doha"},"content":{"rendered":"<p class=\"x_MsoNormal\"><b>SANTO DOMINGO<\/b>.\u00a0Cinco atletas de Rep\u00fablica Dominicana viajaron a Yokohana, Jap\u00f3n, para competir los d\u00edas 11 y 12 en los Mundiales de Relevo.<\/p>\n<p class=\"x_MsoNormal\">Los miembros de la cuarta masculina 4&#215;100 aterrizaron en suelo nip\u00f3n el pasado mi\u00e9rcoles, acompa\u00f1ados por el delegado t\u00e9cnico y entrenador Gregorio Ram\u00edrez y del fisioterapeuta Ram\u00f3n Molina (Punto).<\/p>\n<p class=\"x_MsoNormal\">La selecci\u00f3n, que hizo el viaje con respaldo del programa Creando Sue\u00f1os Ol\u00edmpicos (Creso) y del Ministerio de Deportes, la integran los velocistas Christopher Valdez, Yohandris And\u00fajar, Yancarlos Mart\u00ednez, Mayobanex de \u00d3leo y Stanly del Carmen.<\/p>\n<p class=\"x_MsoNormal\">Los dominicanos viajaron con la ilusi\u00f3n se conseguir la clasificaci\u00f3n al Campeonato Mundial de Atletismo, que tendr\u00e1 lugar en Doha, Qatar, del 27 de septiembre al 6 de octubre de este a\u00f1o en esa naci\u00f3n del Oriente Medio.<\/p>\n<p class=\"x_MsoNormal\">Diez plazas estar\u00e1n en el juego en el Mundial de Relevos, de las cuales la cuarteta quisqueyana tiene toda la oportunidad de finalizar en unas de las posiciones de privilegio, asegur\u00f3 el presidente de la Federaci\u00f3n Dominicana de Asociaciones de Atletismo (FDAA), Gerardo Suero Correa.<\/p>\n<p class=\"x_MsoNormal\">\u201cLos muchachos tienen\u00a0 todo el chance de clasificar a la final y el d\u00eda 12 luchar por un puedo entre los diez primeros lugares para clasificar al Mundial de Doha\u201d, expres\u00f3 el presidente de la FDAA. Las semifinales se realizar\u00e1n este s\u00e1bado 11 de mayo.<\/p>\n<p class=\"x_MsoNormal\">Sostuvo que los atletas tuvieron una buena preparaci\u00f3n dentro y fuera del pa\u00eds y que viajaron confiados en que regresar\u00e1n con la clasificaci\u00f3n en su poder.<\/p>\n<p class=\"x_MsoNormal\">\u201cComo federaci\u00f3n tambi\u00e9n estamos optimistas y confiados en el que los atletas realizar\u00e1n un gran trabajo\u201d, expres\u00f3 Suero Correa.<\/p>\n<p class=\"x_MsoNormal\">La cuarteta tendr\u00e1 como salidor a Christopher Valdez, seguido por Yohandris And\u00fajar, Mayobanex de Oleo correr\u00e1 el tercer tramo y Mart\u00ednez ser\u00e1 el rematador, mientras que Del Carmen es el sustituto del relevo.<\/p>\n","protected":false},"excerpt":{"rendered":"<p>La selecci\u00f3n, que hizo el viaje con respaldo del programa Creando Sue\u00f1os Ol\u00edmpicos (Creso) y del Ministerio de Deportes, la integran los velocistas Christopher Valdez, Yohandris And\u00fajar, Yancarlos Mart\u00ednez, Mayobanex de \u00d3leo y Stanly del Carmen.<\/p>\n","protected":false},"author":16,"featured_media":52959,"comment_status":"closed","ping_status":"closed","sticky":false,"template":"","format":"standard","meta":[],"categories":[2,60],"tags":[],"acf":[],"_links":{"self":[{"href":"https:\/\/colimdo.org\/wp-api\/wp\/v2\/posts\/52958"}],"collection":[{"href":"https:\/\/colimdo.org\/wp-api\/wp\/v2\/posts"}],"about":[{"href":"https:\/\/colimdo.org\/wp-api\/wp\/v2\/types\/post"}],"author":[{"embeddable":true,"href":"https:\/\/colimdo.org\/wp-api\/wp\/v2\/users\/16"}],"replies":[{"embeddable":true,"href":"https:\/\/colimdo.org\/wp-api\/wp\/v2\/comments?post=52958"}],"version-history":[{"count":1,"href":"https:\/\/colimdo.org\/wp-api\/wp\/v2\/posts\/52958\/revisions"}],"predecessor-version":[{"id":52960,"href":"https:\/\/colimdo.org\/wp-api\/wp\/v2\/posts\/52958\/revisions\/52960"}],"wp:featuredmedia":[{"embeddable":true,"href":"https:\/\/colimdo.org\/wp-api\/wp\/v2\/media\/52959"}],"wp:attachment":[{"href":"https:\/\/colimdo.org\/wp-api\/wp\/v2\/media?parent=52958"}],"wp:term":[{"taxonomy":"category","embeddable":true,"href":"https:\/\/colimdo.org\/wp-api\/wp\/v2\/categories?post=52958"},{"taxonomy":"post_tag","embeddable":true,"href":"https:\/\/colimdo.org\/wp-api\/wp\/v2\/tags?post=52958"}],"curies":[{"name":"wp","href":"https:\/\/api.w.org\/{rel}","templated":true}]}}