{"id":52968,"date":"2019-05-09T17:41:27","date_gmt":"2019-05-09T17:41:27","guid":{"rendered":"https:\/\/colimdo.org\/?p=52968"},"modified":"2019-05-09T17:44:20","modified_gmt":"2019-05-09T17:44:20","slug":"marcos-diaz-recibe-respaldo-del-cod-presidencia-la-wada","status":"publish","type":"post","link":"https:\/\/colimdo.org\/noticias\/marcos-diaz-recibe-respaldo-del-cod-presidencia-la-wada\/","title":{"rendered":"Marcos D\u00edaz recibe respaldo del COD a presidencia de la WADA"},"content":{"rendered":"<p><strong>SANTO DOMINGO<\/strong><span style=\"font-style: inherit; font-weight: inherit;\">.- El comit\u00e9 ejecutivo del Comit\u00e9 Ol\u00edmpico Dominicano (COD) recibi\u00f3 el martes en su reuni\u00f3n ordinaria a Marcos D\u00edaz, aspirante a la presidencia de la Agencia Mundial Antidopaje (WADA), en representaci\u00f3n de los pa\u00edses de Am\u00e9rica.<\/span><\/p>\n<p><span style=\"font-style: inherit; font-weight: inherit;\">Marcos D\u00edaz, quien es miembro del comit\u00e9 ejecutivo de la WADA, dio a conocer a los directivos del COD sus aspiraciones y proyectos como candidato a la presidencia del organismo internacional antidopaje.<\/span><\/p>\n<p><span style=\"font-style: inherit; font-weight: inherit;\">\u00a0\u201cEs importante que el Comit\u00e9 Ol\u00edmpico Internacional conozca que hay una buena relaci\u00f3n con el aspirante a la presidencia de la WADA\u201d, manifest\u00f3 Luis Mej\u00eda, presidente del COD y miembro del Comit\u00e9 Ol\u00edmpico Internacional (COI).<\/span><\/p>\n<p><span style=\"font-style: inherit; font-weight: inherit;\">Marcos D\u00edaz, ex nadador dominicano de aguas abiertas, fue elegido de manera un\u00e1nime como candidato para la presidencia de la WADA en representaci\u00f3n de los pa\u00edses de Am\u00e9rica\u00a0 dentro del marco de la XIX\u00a0 Asamblea del Consejo Americano del Deporte, que re\u00fane a todos los ministros de deportes del Continente Americano.<\/span><\/p>\n<p><span style=\"font-style: inherit; font-weight: inherit;\">D\u00edaz agradeci\u00f3 el respaldo recibido por el movimiento ol\u00edmpico dominicano, que lidera el licenciado Mej\u00eda.<\/span><\/p>\n<p><span style=\"font-style: inherit; font-weight: inherit;\">Fernando C\u00e1ceres, ministro de Deportes de Uruguay y la persona con mayor tiempo en el Consejo Americano del Deporte (CADE), fue que resalt\u00f3 los atributos de liderazgo de D\u00edaz y quien promovi\u00f3 la candidatura de D\u00edaz.<\/span><\/p>\n<p><span style=\"font-style: inherit; font-weight: inherit;\">Las elecciones de la WADA ser\u00e1n celebradas el 14 de mayo, en Montreal, Canad\u00e1, sede del organismo internacional.<\/span><\/p>\n<p><span style=\"font-style: inherit; font-weight: inherit;\">El Ministro polaco de Deportes, Witold Banka, fue designado oficialmente en febrero pasado como candidato por el Continente Europeo a la AMA.<\/span><\/p>\n","protected":false},"excerpt":{"rendered":"<p>Las elecciones de la WADA ser\u00e1n celebradas el 14 de mayo, en Montreal, Canad\u00e1, sede del organismo internacional.<\/p>\n","protected":false},"author":13,"featured_media":52970,"comment_status":"closed","ping_status":"closed","sticky":false,"template":"","format":"standard","meta":[],"categories":[2,60],"tags":[],"acf":[],"_links":{"self":[{"href":"https:\/\/colimdo.org\/wp-api\/wp\/v2\/posts\/52968"}],"collection":[{"href":"https:\/\/colimdo.org\/wp-api\/wp\/v2\/posts"}],"about":[{"href":"https:\/\/colimdo.org\/wp-api\/wp\/v2\/types\/post"}],"author":[{"embeddable":true,"href":"https:\/\/colimdo.org\/wp-api\/wp\/v2\/users\/13"}],"replies":[{"embeddable":true,"href":"https:\/\/colimdo.org\/wp-api\/wp\/v2\/comments?post=52968"}],"version-history":[{"count":1,"href":"https:\/\/colimdo.org\/wp-api\/wp\/v2\/posts\/52968\/revisions"}],"predecessor-version":[{"id":52971,"href":"https:\/\/colimdo.org\/wp-api\/wp\/v2\/posts\/52968\/revisions\/52971"}],"wp:featuredmedia":[{"embeddable":true,"href":"https:\/\/colimdo.org\/wp-api\/wp\/v2\/media\/52970"}],"wp:attachment":[{"href":"https:\/\/colimdo.org\/wp-api\/wp\/v2\/media?parent=52968"}],"wp:term":[{"taxonomy":"category","embeddable":true,"href":"https:\/\/colimdo.org\/wp-api\/wp\/v2\/categories?post=52968"},{"taxonomy":"post_tag","embeddable":true,"href":"https:\/\/colimdo.org\/wp-api\/wp\/v2\/tags?post=52968"}],"curies":[{"name":"wp","href":"https:\/\/api.w.org\/{rel}","templated":true}]}}