{"id":53008,"date":"2019-05-10T03:44:12","date_gmt":"2019-05-10T03:44:12","guid":{"rendered":"https:\/\/colimdo.org\/?p=53008"},"modified":"2019-05-10T04:19:17","modified_gmt":"2019-05-10T04:19:17","slug":"hamilton-indico-no-tendra-pleito-bottas","status":"publish","type":"post","link":"https:\/\/colimdo.org\/noticias\/hamilton-indico-no-tendra-pleito-bottas\/","title":{"rendered":"Hamilton indic\u00f3 que no tendr\u00e1 pleito con Bottas"},"content":{"rendered":"<p>MONTMEL\u00d3, Espa\u00f1a (AP) \u2014 Dado lo dominante que ha sido Mercedes en la F\u00f3rmula Uno esta temporada, lo \u00fanico que podr\u00eda contener a las Flechas Plateadas en el Gran Premio de Espa\u00f1a este fin de semana ser\u00eda otro episodio de rencillas entre sus pilotos.<\/p>\n<p>Valtteri Bottas y Lewis Hamilton han monopolizado las primeras dos plazas en las primeras cuatro carreras del a\u00f1o, y Mercedes triunf\u00f3 en Espa\u00f1a en cuatro de las cinco \u00faltimas ediciones. \u00bfLa excepci\u00f3n? Fue en 2016, cuando Hamilton y su entonces compa\u00f1ero Nico Rosberg chocaron en la primera vuelta en el Circuito de Barcelona-Catalunya \u2014 uno de varios incidentes que protagonizaron durante la tensa rencilla entre los dos.<\/p>\n<p>Bottas asoma ahora como el \u00fanico capaz de impedirle a Hamilton conquistar un sexto t\u00edtulo en la F1, con el finland\u00e9s por delante del brit\u00e1nico apenas por un punto tras repartirse dos victorias por cabeza. Hamilton, sin embargo, dice que los dos tienen la determinaci\u00f3n de evitar una rivalidad interna y han pactado no generar problemas en el seno del equipo.<\/p>\n<p>\u201cHay cosas que pasan tras bastidores que ustedes desconocen y no me parece que este sea el sitio para hablar al respecto\u201d, declar\u00f3 Hamilton el jueves en la casa club de Mercedes. \u201cPero lo que realmente importa es que estamos unidos como equipo. Hemos conversado y confiamos que se ha rectificado. En cuanto a lo que pas\u00f3 antes (con Rosberg), un individuo se mantuvo en esa l\u00ednea. Pero eso no se ve aqu\u00ed. Hay un magn\u00edfico \u00edmpetu en el equipo, hay respeto. Hemos establecido una regla para acordar el 1-2 en la carrera\u201d.<\/p>\n<p>Pese a ello, Hamilton coment\u00f3 que si Bottas pretende rebasarle, tendr\u00e1 que emplearse a fondo.<\/p>\n<p>\u201cS\u00ed. Ser\u00e1 apretado y re\u00f1ido. Y siempre hay tensi\u00f3n cuando tienes que ganarle a otro\u201d, dijo Hamilton. \u201cNada de contactos. Pero en cuanto a ceder posiciones, eso no se ver\u00e1 otra vez\u201d.<\/p>\n<p>Con 34 a\u00f1os de edad, Hamilton dice que su madurez le ayuda a crear m\u00e1s harmon\u00eda dentro del equipo.<\/p>\n<p>\u201cHan pasado tres a\u00f1os y crecido bastante desde entonces\u201d, acot\u00f3 Hamilton. \u201cSoy una persona m\u00e1s fuerte cuando no estoy al volante, y cuando estoy dentro del monoplaza. Me manej\u00f3 mejor en cuanto a lidiar con relaciones personal y saber llevarme con la gente. Creo que ahora soy un mejor compa\u00f1ero de equipo\u201d.<\/p>\n<p>Hamilton gan\u00f3 aqu\u00ed en 2014 y en los \u00faltimos dos a\u00f1os, mientras que Rosberg se coron\u00f3 en 2015.<\/p>\n<p>Ferrari tendr\u00e1 que romper esa racha, sin embargo, si quiere enchufarse otra vez en la puja por el t\u00edtulo. Sebastian Vettel, el n\u00famero uno de la escuder\u00eda italiana, se ha rezagado 35 puntos del primer lugar, pero cambio que un nuevo motor les ayudar\u00e1 a reducir la brecha.<\/p>\n","protected":false},"excerpt":{"rendered":"<p>MONTMEL\u00d3, Espa\u00f1a (AP) \u2014 Dado lo dominante que ha sido Mercedes en la F\u00f3rmula Uno esta temporada, lo \u00fanico que podr\u00eda contener a las Flechas Plateadas en el Gran Premio de Espa\u00f1a este fin de semana ser\u00eda otro episodio de rencillas entre sus pilotos. Valtteri Bottas y Lewis Hamilton han monopolizado las primeras dos plazas [&hellip;]<\/p>\n","protected":false},"author":9,"featured_media":53010,"comment_status":"closed","ping_status":"closed","sticky":false,"template":"","format":"standard","meta":[],"categories":[2,60],"tags":[],"acf":[],"_links":{"self":[{"href":"https:\/\/colimdo.org\/wp-api\/wp\/v2\/posts\/53008"}],"collection":[{"href":"https:\/\/colimdo.org\/wp-api\/wp\/v2\/posts"}],"about":[{"href":"https:\/\/colimdo.org\/wp-api\/wp\/v2\/types\/post"}],"author":[{"embeddable":true,"href":"https:\/\/colimdo.org\/wp-api\/wp\/v2\/users\/9"}],"replies":[{"embeddable":true,"href":"https:\/\/colimdo.org\/wp-api\/wp\/v2\/comments?post=53008"}],"version-history":[{"count":2,"href":"https:\/\/colimdo.org\/wp-api\/wp\/v2\/posts\/53008\/revisions"}],"predecessor-version":[{"id":53011,"href":"https:\/\/colimdo.org\/wp-api\/wp\/v2\/posts\/53008\/revisions\/53011"}],"wp:featuredmedia":[{"embeddable":true,"href":"https:\/\/colimdo.org\/wp-api\/wp\/v2\/media\/53010"}],"wp:attachment":[{"href":"https:\/\/colimdo.org\/wp-api\/wp\/v2\/media?parent=53008"}],"wp:term":[{"taxonomy":"category","embeddable":true,"href":"https:\/\/colimdo.org\/wp-api\/wp\/v2\/categories?post=53008"},{"taxonomy":"post_tag","embeddable":true,"href":"https:\/\/colimdo.org\/wp-api\/wp\/v2\/tags?post=53008"}],"curies":[{"name":"wp","href":"https:\/\/api.w.org\/{rel}","templated":true}]}}