{"id":53027,"date":"2019-05-10T16:18:19","date_gmt":"2019-05-10T16:18:19","guid":{"rendered":"https:\/\/colimdo.org\/?p=53027"},"modified":"2019-05-10T16:18:19","modified_gmt":"2019-05-10T16:18:19","slug":"roger-federer-nadal-la-vara-medir-arcilla-no-thiem","status":"publish","type":"post","link":"https:\/\/colimdo.org\/noticias\/roger-federer-nadal-la-vara-medir-arcilla-no-thiem\/","title":{"rendered":"Roger Federer: &#8220;Nadal es la vara a medir en arcilla y no Thiem&#8221;"},"content":{"rendered":"<p>ESPN. El suizo Roger Federer elogi\u00f3 la victoria del austr\u00edaco Dominic Thiem, su pr\u00f3ximo rival en los cuartos de final del Masters 1000 de Madrid, sobre Rafael Nadal hace dos semanas en Barcelona, y la calific\u00f3 de haza\u00f1a, pero asegur\u00f3 que solo un duelo contra el espa\u00f1ol sirve para saber su estado en tierra.<\/p>\n<p>&#8220;Thiem lleva tiempo jugando muy bien. Recientemente ha ganado Barcelona y tambi\u00e9n en Indian Wells. Se de lo que es capaz de hacer en canchas lentas y duras, y creo que vencer a &#8216;Rafa&#8217; en Barcelona es una haza\u00f1a en s\u00ed misma&#8221;, dijo Federer, ahora N\u00b04 del ranking ATP.<\/p>\n<p>&#8220;Pero sigo creyendo que Rafa es la vara para medir en arcilla y no Dominic&#8221;, asegur\u00f3 Federer cuando se le pregunt\u00f3 qu\u00e9 jugador serv\u00eda mejor para saber el estado de forma en clay.<\/p>\n<p>&#8220;Hoy se encendi\u00f3 el modo p\u00e1nico, y comenc\u00e9 a subir a la red. Independientemente de contra quien te enfrentas no hay demasiadas t\u00e1cticas, nada m\u00e1s que sacar bien y luego pegar fuerte de derecha, y subir a la red lo m\u00e1s r\u00e1pido que puedas&#8221;, explic\u00f3 sobre su victoria ante Gael Monfils.<\/p>\n<p>&#8220;Me sent\u00ed extra aliviado cuando salv\u00e9 las dos bolas de partido. Me dio confianza porque resolver un problema hace que te sientas as\u00ed&#8221;, dijo el suizo. &#8220;Y en vez de ver las cosas oscuras, lo ves todo m\u00e1s claro. Uno no quiere ganar partidos cada d\u00eda salvando bolas de partido pero hay d\u00edas que hace falta y hacerlo te hace sentir bien luego&#8221;, a\u00f1adi\u00f3.<\/p>\n<p>Ahora se le viene un obst\u00e1culo dur\u00edsimo, su verdugo con lo justo en la final de Indian Wells de hace dos meses. Y Roger quiere desquite, sin dudas.<\/p>\n","protected":false},"excerpt":{"rendered":"<p>El suizo Roger Federer elogi\u00f3 la victoria del austr\u00edaco Dominic Thiem, su pr\u00f3ximo rival en los cuartos de final del Masters 1000 de Madrid, sobre Rafael Nadal hace dos semanas en Barcelona, y la calific\u00f3 de haza\u00f1a, pero asegur\u00f3 que solo un duelo contra el espa\u00f1ol sirve para saber su estado en tierra.<\/p>\n","protected":false},"author":16,"featured_media":53028,"comment_status":"closed","ping_status":"closed","sticky":false,"template":"","format":"standard","meta":[],"categories":[2,60],"tags":[],"acf":[],"_links":{"self":[{"href":"https:\/\/colimdo.org\/wp-api\/wp\/v2\/posts\/53027"}],"collection":[{"href":"https:\/\/colimdo.org\/wp-api\/wp\/v2\/posts"}],"about":[{"href":"https:\/\/colimdo.org\/wp-api\/wp\/v2\/types\/post"}],"author":[{"embeddable":true,"href":"https:\/\/colimdo.org\/wp-api\/wp\/v2\/users\/16"}],"replies":[{"embeddable":true,"href":"https:\/\/colimdo.org\/wp-api\/wp\/v2\/comments?post=53027"}],"version-history":[{"count":1,"href":"https:\/\/colimdo.org\/wp-api\/wp\/v2\/posts\/53027\/revisions"}],"predecessor-version":[{"id":53029,"href":"https:\/\/colimdo.org\/wp-api\/wp\/v2\/posts\/53027\/revisions\/53029"}],"wp:featuredmedia":[{"embeddable":true,"href":"https:\/\/colimdo.org\/wp-api\/wp\/v2\/media\/53028"}],"wp:attachment":[{"href":"https:\/\/colimdo.org\/wp-api\/wp\/v2\/media?parent=53027"}],"wp:term":[{"taxonomy":"category","embeddable":true,"href":"https:\/\/colimdo.org\/wp-api\/wp\/v2\/categories?post=53027"},{"taxonomy":"post_tag","embeddable":true,"href":"https:\/\/colimdo.org\/wp-api\/wp\/v2\/tags?post=53027"}],"curies":[{"name":"wp","href":"https:\/\/api.w.org\/{rel}","templated":true}]}}