{"id":53040,"date":"2019-05-10T17:23:21","date_gmt":"2019-05-10T17:23:21","guid":{"rendered":"https:\/\/colimdo.org\/?p=53040"},"modified":"2019-05-10T17:23:21","modified_gmt":"2019-05-10T17:23:21","slug":"equipo-la-24-se-impone-inicio-torneo-basket-superior-los-alcarrizos","status":"publish","type":"post","link":"https:\/\/colimdo.org\/noticias\/equipo-la-24-se-impone-inicio-torneo-basket-superior-los-alcarrizos\/","title":{"rendered":"Equipo La 24 se impone inicio torneo basket superior Los Alcarrizos"},"content":{"rendered":"<p class=\"x_MsoNormal\">SANTO DOMINGO. El combinado de La 24 se impuso en la jornada inaugural del XII Torneo Municipal de Baloncesto Superior de Los Alcarrizos.<\/p>\n<p class=\"x_MsoNormal\">La 24 domin\u00f3 66-62 al Amanecer del Lebr\u00f3n, en el choque efectuado en el polideportivo\u00a0 de Los Alcarrizos, en una justa dedicada a Andr\u00e9s Navarro, exministro de Educaci\u00f3n y pre-candidato presidencial por el Partido de la Liberaci\u00f3n Dominicana (PLD).<\/p>\n<p class=\"x_MsoNormal\">Valent\u00edn Pontier anot\u00f3\u00a0 25 puntos, Wansy de los Santos, 12 y H\u00e9ctor Cordero nueve. En la derrota, Werner D\u00edaz 20, Yovanny Encarnaci\u00f3n 13 y Carlos Henr\u00edquez 10.<\/p>\n<p class=\"x_MsoNormal\">Tambi\u00e9n compiten los equipos (12 en total) Los Americanos, Alianza, Savica, La Fe, Km 14, 800 de Pantoja, Villa Duarte de Pantoja, Senda de Luz, El Joseph, Nuevo Amanecer\u00a0 y La Uni\u00f3n.<\/p>\n<p class=\"x_MsoNormal\">El Comit\u00e9 Organizador lo preside Aquilina Figueroa y el director ejecutivo\u00a0 lo es David Medrano (Jabao).<\/p>\n<p class=\"x_MsoNormal\"><b>Ceremonia inaugural<\/b><\/p>\n<p class=\"x_MsoNormal\">La ceremonia de inauguraci\u00f3n cont\u00f3 con la presencia del homenajeado con la dedicatoria, Andr\u00e9s Navarro, el diputado Jes\u00fas Mart\u00ednez Alberti (Yaco) y su hijo Aderlin; el gobernador de la Provincia de Santo Domingo, Juan Fr\u00edas; la exdiputada Aracelis Duarte; el regidor William Cabral (Nemeneme); el coronel Julio C\u00e9sar Pulinario, director de la Polic\u00eda en Los Alcarrizos; Deivy Santana y Augusto Mart\u00ednez, director provincial de Deportes.<\/p>\n<p class=\"x_MsoNormal\">Medrano dio las palabras de bienvenida, y Aquilina, las centrales.<\/p>\n<p class=\"x_MsoNormal\">\u00a0Valent\u00edn Pontier hizo el juramento deportivo y Navarro el saque de honor.<\/p>\n<p class=\"x_MsoNormal\"><b>Juegos de hoy<\/b><\/p>\n<p class=\"x_MsoNormal\">El certamen sigue esta noche con una doble cartelera que inicia a partir de las 7:00 de la noche, cuando se midan las escuadras de La Uni\u00f3n ante Los Americanos, y luego, Senda de Luz contra Villa Duarte de Pantoja.<\/p>\n","protected":false},"excerpt":{"rendered":"<p>La 24 domin\u00f3 66-62 al Amanecer del Lebr\u00f3n, en el choque efectuado en el polideportivo\u00a0 de Los Alcarrizos, en una justa dedicada a Andr\u00e9s Navarro, exministro de Educaci\u00f3n y pre-candidato presidencial por el Partido de la Liberaci\u00f3n Dominicana (PLD).<\/p>\n","protected":false},"author":16,"featured_media":53041,"comment_status":"closed","ping_status":"closed","sticky":false,"template":"","format":"standard","meta":[],"categories":[2,60],"tags":[],"acf":[],"_links":{"self":[{"href":"https:\/\/colimdo.org\/wp-api\/wp\/v2\/posts\/53040"}],"collection":[{"href":"https:\/\/colimdo.org\/wp-api\/wp\/v2\/posts"}],"about":[{"href":"https:\/\/colimdo.org\/wp-api\/wp\/v2\/types\/post"}],"author":[{"embeddable":true,"href":"https:\/\/colimdo.org\/wp-api\/wp\/v2\/users\/16"}],"replies":[{"embeddable":true,"href":"https:\/\/colimdo.org\/wp-api\/wp\/v2\/comments?post=53040"}],"version-history":[{"count":1,"href":"https:\/\/colimdo.org\/wp-api\/wp\/v2\/posts\/53040\/revisions"}],"predecessor-version":[{"id":53042,"href":"https:\/\/colimdo.org\/wp-api\/wp\/v2\/posts\/53040\/revisions\/53042"}],"wp:featuredmedia":[{"embeddable":true,"href":"https:\/\/colimdo.org\/wp-api\/wp\/v2\/media\/53041"}],"wp:attachment":[{"href":"https:\/\/colimdo.org\/wp-api\/wp\/v2\/media?parent=53040"}],"wp:term":[{"taxonomy":"category","embeddable":true,"href":"https:\/\/colimdo.org\/wp-api\/wp\/v2\/categories?post=53040"},{"taxonomy":"post_tag","embeddable":true,"href":"https:\/\/colimdo.org\/wp-api\/wp\/v2\/tags?post=53040"}],"curies":[{"name":"wp","href":"https:\/\/api.w.org\/{rel}","templated":true}]}}