{"id":53043,"date":"2019-05-10T17:26:49","date_gmt":"2019-05-10T17:26:49","guid":{"rendered":"https:\/\/colimdo.org\/?p=53043"},"modified":"2019-05-10T17:26:49","modified_gmt":"2019-05-10T17:26:49","slug":"anuncian-cumbre-mujer-deporte-mes-junio","status":"publish","type":"post","link":"https:\/\/colimdo.org\/noticias\/anuncian-cumbre-mujer-deporte-mes-junio\/","title":{"rendered":"Anuncian cumbre de Mujer y Deporte en mes de junio"},"content":{"rendered":"<p class=\"x_ydp8a301f4cMsoNormal\"><span lang=\"ES-TRAD\">SANTO DOMINGO.- La celebraci\u00f3n de una cumbre de Mujer y Deporte en el mes de junio fue anunciada por el licenciado Luis Mej\u00eda Oviedo, presidente de la Comisi\u00f3n Mujer y Deporte del COI (Comit\u00e9 Ol\u00edmpico Internacional).<\/span><\/p>\n<p class=\"x_ydp8a301f4cMsoNormal\"><span lang=\"ES-TRAD\">En ese encuentro coordinado de manera conjunta por la Comisi\u00f3n de G\u00e9nero del Ministerio de Deportes y la Comisi\u00f3n de Mujer y Deporte del Comit\u00e9 Ol\u00edmpico Dominicano.<\/span><\/p>\n<p class=\"x_ydp8a301f4cMsoNormal\"><span lang=\"ES-TRAD\">La cumbre tendr\u00e1 como sede el sal\u00f3n Juan Ulises Garc\u00eda Saleta (Chite) del COD y se establecer\u00e1 contacto por v\u00eda sky con una importante miembro del COI, inform\u00f3 Mej\u00eda Oviedo.<\/span><\/p>\n<p class=\"x_ydp8a301f4cMsoNormal\"><span lang=\"ES-TRAD\">Una primera reuni\u00f3n de trabajo para hablar del encuentro fue realizada el pasado mi\u00e9rcoles y en la misma tomaron parte la inmortal Teresa Dur\u00e1n, Directora de la Unidad de G\u00e9nero del Ministerio de Deportes; Marciel Leguizam\u00f3n, de Solidaridad Ol\u00edmpica del COD; Mar\u00eda Garc\u00eda, enlace de los atletas con el Ministerio de Deportes, Lourdes G\u00f3mez, Guadalupe Ruiz, Ana Montilla, B\u00e1rbara Hern\u00e1ndez, Altagracia Zapata, Niurka Herrera, Luisa Mart\u00ednez, Leidis Germ\u00e1n, Mar\u00eda Dimitrova, entre otras.<\/span><\/p>\n<p class=\"x_ydp8a301f4cMsoNormal\"><span lang=\"ES-TRAD\">En la reuni\u00f3n se trataron temas inherentes a la necesidad de que las mujeres logren mejor y m\u00e1s posicionamiento dentro de sus respectivos deportes y el movimiento deportivo a nivel de clubes, asociaciones y federaciones.<\/span><\/p>\n<p class=\"x_ydp8a301f4cMsoNormal\"><span lang=\"ES-TRAD\">En ese encuentro el licenciado Mej\u00eda Oviedo manifest\u00f3 su deseo de que se haga un trabajo de inclusi\u00f3n con otros sectores y entidades, entre los que cit\u00f3 los Ministerios de Deportes y el de la Mujer, as\u00ed como la C\u00e1mara de Diputados, el Senado de la Rep\u00fablica, el Despacho de la Primera Dama, la vicepresidencia de la Rep\u00fablica, adem\u00e1s de instituciones privadas.<\/span><\/p>\n<p class=\"x_ydp8a301f4cMsoNormal\"><span lang=\"ES-TRAD\">Asimismo motiv\u00f3 la realizaci\u00f3n de reuniones con mujeres l\u00edderes, entre otras sugerencias.<\/span><\/p>\n<div><span lang=\"ES-TRAD\">Este ha sido el primero de una serie de reuniones que se estar\u00e1n realizando entre ambas comisiones bajo la direcci\u00f3n de Mej\u00eda Oviedo a los fines de trabajar en una serie de proyectos conjuntos.<\/span><\/div>\n","protected":false},"excerpt":{"rendered":"<p>En ese encuentro coordinado de manera conjunta por la Comisi\u00f3n de G\u00e9nero del Ministerio de Deportes y la Comisi\u00f3n de Mujer y Deporte del Comit\u00e9 Ol\u00edmpico Dominicano.<\/p>\n","protected":false},"author":16,"featured_media":53044,"comment_status":"closed","ping_status":"closed","sticky":false,"template":"","format":"standard","meta":[],"categories":[2,60],"tags":[],"acf":[],"_links":{"self":[{"href":"https:\/\/colimdo.org\/wp-api\/wp\/v2\/posts\/53043"}],"collection":[{"href":"https:\/\/colimdo.org\/wp-api\/wp\/v2\/posts"}],"about":[{"href":"https:\/\/colimdo.org\/wp-api\/wp\/v2\/types\/post"}],"author":[{"embeddable":true,"href":"https:\/\/colimdo.org\/wp-api\/wp\/v2\/users\/16"}],"replies":[{"embeddable":true,"href":"https:\/\/colimdo.org\/wp-api\/wp\/v2\/comments?post=53043"}],"version-history":[{"count":1,"href":"https:\/\/colimdo.org\/wp-api\/wp\/v2\/posts\/53043\/revisions"}],"predecessor-version":[{"id":53045,"href":"https:\/\/colimdo.org\/wp-api\/wp\/v2\/posts\/53043\/revisions\/53045"}],"wp:featuredmedia":[{"embeddable":true,"href":"https:\/\/colimdo.org\/wp-api\/wp\/v2\/media\/53044"}],"wp:attachment":[{"href":"https:\/\/colimdo.org\/wp-api\/wp\/v2\/media?parent=53043"}],"wp:term":[{"taxonomy":"category","embeddable":true,"href":"https:\/\/colimdo.org\/wp-api\/wp\/v2\/categories?post=53043"},{"taxonomy":"post_tag","embeddable":true,"href":"https:\/\/colimdo.org\/wp-api\/wp\/v2\/tags?post=53043"}],"curies":[{"name":"wp","href":"https:\/\/api.w.org\/{rel}","templated":true}]}}