{"id":53046,"date":"2019-05-10T22:38:00","date_gmt":"2019-05-10T22:38:00","guid":{"rendered":"https:\/\/colimdo.org\/?p=53046"},"modified":"2019-05-10T22:38:19","modified_gmt":"2019-05-10T22:38:19","slug":"acd-avalara-credenciales-internacionales-la-cronica-deportiva","status":"publish","type":"post","link":"https:\/\/colimdo.org\/noticias\/acd-avalara-credenciales-internacionales-la-cronica-deportiva\/","title":{"rendered":"ACD avalar\u00e1 credenciales internacionales para la cr\u00f3nica deportiva"},"content":{"rendered":"<p>SANTO DOMINGO. La Asociaci\u00f3n de Cronistas Deportivos de Santo Domingo (ACD), avalar\u00e1 las solicitudes de credenciales de la International Sports Press Association (AIPS), para los miembros de las diferentes entidades de su g\u00e9nero que agrupan comunicadores especializados en deportes a nivel nacional.<\/p>\n<p>El presidente de la ACD, periodista Ram\u00f3n Cuello Segura, invit\u00f3 mediante un comunicado de prensa a los presidentes de asociaciones del interior a ponerse en contacto con el ex presidente Jorge Torres Ocum\u00e1rez, actualmente delegado internacional y pro-secretario de AIPS Am\u00e9rica, a los fines de otorgar las facilidades necesarias en la adquisici\u00f3n de la tarjeta del organismo mundial, del cual la ACD es \u00fanica afiliada en el pa\u00eds.<\/p>\n<p>\u201cLos presidentes de asociaciones locales de periodistas deportivos deben ponerse en contacto con el colega Torres Ocum\u00e1rez o con las oficina de la ACD para que en lo inmediato iniciemos las gestiones con el objetivo de carnetizar sus miembros a nivel mundial\u201d, indica Cuello mediante el comunicado.<\/p>\n<p>La ACD ingres\u00f3 a la AIPS en el a\u00f1o 1984 y form\u00f3 parte del nacimiento de la Federaci\u00f3n de Periodistas Deportivos de Am\u00e9rica (Fepeda), hoy AIPS Am\u00e9rica. Desde su llegada al organismo mundial ha participado en diversos congresos mundiales y estar\u00e1 presente desde el pr\u00f3ximo d\u00eda 20 en Bucaramanga, Colombia, donde se llevar\u00e1 a cabo otro c\u00f3nclave internacional, junto a los IV Juegos para Periodistas Deportivos de Am\u00e9rica que se disputar\u00e1n del 20 al 24 de los corrientes.<\/p>\n<p>\u201cEstamos creando, con el apoyo de la ACD y su actual directiva que encabeza Ram\u00f3n Cuello, las bases para que los cronistas deportivos nacionales debidamente organizados, sin importar a la entidad a la cual pertenezcan, puedan a trav\u00e9s de la ACD estar presentes en los cursos de capacitaci\u00f3n, seminarios, congresos y post grados que organiza la entidad mundial y su dependencia en Am\u00e9rica\u201d, resalt\u00f3 Torres en su condici\u00f3n de pro-secretario de AIPS Am\u00e9rica.<\/p>\n","protected":false},"excerpt":{"rendered":"<p>El presidente de la ACD, periodista Ram\u00f3n Cuello Segura invit\u00f3 a los presidentes de asociaciones del interior a ponerse en contacto con el ex presidente Jorge Torres Ocum\u00e1rez.<\/p>\n","protected":false},"author":13,"featured_media":53047,"comment_status":"closed","ping_status":"closed","sticky":false,"template":"","format":"standard","meta":[],"categories":[2],"tags":[],"acf":[],"_links":{"self":[{"href":"https:\/\/colimdo.org\/wp-api\/wp\/v2\/posts\/53046"}],"collection":[{"href":"https:\/\/colimdo.org\/wp-api\/wp\/v2\/posts"}],"about":[{"href":"https:\/\/colimdo.org\/wp-api\/wp\/v2\/types\/post"}],"author":[{"embeddable":true,"href":"https:\/\/colimdo.org\/wp-api\/wp\/v2\/users\/13"}],"replies":[{"embeddable":true,"href":"https:\/\/colimdo.org\/wp-api\/wp\/v2\/comments?post=53046"}],"version-history":[{"count":1,"href":"https:\/\/colimdo.org\/wp-api\/wp\/v2\/posts\/53046\/revisions"}],"predecessor-version":[{"id":53048,"href":"https:\/\/colimdo.org\/wp-api\/wp\/v2\/posts\/53046\/revisions\/53048"}],"wp:featuredmedia":[{"embeddable":true,"href":"https:\/\/colimdo.org\/wp-api\/wp\/v2\/media\/53047"}],"wp:attachment":[{"href":"https:\/\/colimdo.org\/wp-api\/wp\/v2\/media?parent=53046"}],"wp:term":[{"taxonomy":"category","embeddable":true,"href":"https:\/\/colimdo.org\/wp-api\/wp\/v2\/categories?post=53046"},{"taxonomy":"post_tag","embeddable":true,"href":"https:\/\/colimdo.org\/wp-api\/wp\/v2\/tags?post=53046"}],"curies":[{"name":"wp","href":"https:\/\/api.w.org\/{rel}","templated":true}]}}