{"id":53076,"date":"2019-05-11T05:16:11","date_gmt":"2019-05-11T05:16:11","guid":{"rendered":"https:\/\/colimdo.org\/?p=53076"},"modified":"2019-05-11T05:16:11","modified_gmt":"2019-05-11T05:16:11","slug":"mas-200-atletas-participaran-campeonato-nacional-acuatlon","status":"publish","type":"post","link":"https:\/\/colimdo.org\/noticias\/mas-200-atletas-participaran-campeonato-nacional-acuatlon\/","title":{"rendered":"M\u00e1s de 200 atletas participar\u00e1n en Campeonato Nacional de Acuatl\u00f3n"},"content":{"rendered":"<p style=\"font-weight: 400;\">Con la participaci\u00f3n de unos 200 destacados atletas ser\u00e1 celebrado este s\u00e1bado el Campeonato Nacional de Acuatl\u00f3n, teniendo como escenario la playa Rancho Magante de Gaspar Hern\u00e1ndez.<\/p>\n<p style=\"font-weight: 400;\">As\u00ed lo expone Franklin de la Cruz, presidente de la Federaci\u00f3n Dominicana de Triatl\u00f3n,\u00a0 quien explica que el evento forma parte del Programa Nacional de Desarrollo.<\/p>\n<p style=\"font-weight: 400;\">La justa la organiza la Asociaci\u00f3n de Triatl\u00f3n de Gaspar Hern\u00e1ndez, que preside Mar\u00eda Mensen, quien confirma la participaci\u00f3n de atletas de Barahona, Pedernales, Ban\u00ed, San Crist\u00f3bal, Distrito Nacional, Romana, Saman\u00e1, Sabana de la Mar, Santiago y la anfitriona de Gaspar Hern\u00e1ndez.<\/p>\n<p style=\"font-weight: 400;\">En el evento estar\u00e1n participando atletas en las categor\u00edas infantil, por edades, \u00e9lite y m\u00e1ster. Se competir\u00e1n en diferentes edades, as\u00ed como la sprint y s\u00faper-sprint. Se estima\u00a0 la participaci\u00f3n de un promedio de\u00a0 m\u00e1s de 200 atletas.<\/p>\n","protected":false},"excerpt":{"rendered":"<p>Con la participaci\u00f3n de unos 200 destacados atletas ser\u00e1 celebrado este s\u00e1bado el Campeonato Nacional de Acuatl\u00f3n, teniendo como escenario la playa Rancho Magante de Gaspar Hern\u00e1ndez. As\u00ed lo expone Franklin de la Cruz, presidente de la Federaci\u00f3n Dominicana de Triatl\u00f3n,\u00a0 quien explica que el evento forma parte del Programa Nacional de Desarrollo. La justa [&hellip;]<\/p>\n","protected":false},"author":9,"featured_media":53077,"comment_status":"closed","ping_status":"closed","sticky":false,"template":"","format":"standard","meta":[],"categories":[2,60],"tags":[],"acf":[],"_links":{"self":[{"href":"https:\/\/colimdo.org\/wp-api\/wp\/v2\/posts\/53076"}],"collection":[{"href":"https:\/\/colimdo.org\/wp-api\/wp\/v2\/posts"}],"about":[{"href":"https:\/\/colimdo.org\/wp-api\/wp\/v2\/types\/post"}],"author":[{"embeddable":true,"href":"https:\/\/colimdo.org\/wp-api\/wp\/v2\/users\/9"}],"replies":[{"embeddable":true,"href":"https:\/\/colimdo.org\/wp-api\/wp\/v2\/comments?post=53076"}],"version-history":[{"count":1,"href":"https:\/\/colimdo.org\/wp-api\/wp\/v2\/posts\/53076\/revisions"}],"predecessor-version":[{"id":53078,"href":"https:\/\/colimdo.org\/wp-api\/wp\/v2\/posts\/53076\/revisions\/53078"}],"wp:featuredmedia":[{"embeddable":true,"href":"https:\/\/colimdo.org\/wp-api\/wp\/v2\/media\/53077"}],"wp:attachment":[{"href":"https:\/\/colimdo.org\/wp-api\/wp\/v2\/media?parent=53076"}],"wp:term":[{"taxonomy":"category","embeddable":true,"href":"https:\/\/colimdo.org\/wp-api\/wp\/v2\/categories?post=53076"},{"taxonomy":"post_tag","embeddable":true,"href":"https:\/\/colimdo.org\/wp-api\/wp\/v2\/tags?post=53076"}],"curies":[{"name":"wp","href":"https:\/\/api.w.org\/{rel}","templated":true}]}}