{"id":53085,"date":"2019-05-11T14:41:02","date_gmt":"2019-05-11T14:41:02","guid":{"rendered":"https:\/\/colimdo.org\/?p=53085"},"modified":"2019-05-11T15:27:44","modified_gmt":"2019-05-11T15:27:44","slug":"huracanes-acogen-alegria-reparacion-del-fabio-rafael-gonzalez","status":"publish","type":"post","link":"https:\/\/colimdo.org\/noticias\/huracanes-acogen-alegria-reparacion-del-fabio-rafael-gonzalez\/","title":{"rendered":"Huracanes acogen con alegr\u00eda reparaci\u00f3n del Fabio Rafael Gonz\u00e1lez"},"content":{"rendered":"<p>El equipo de Baloncesto Profesional Huracanes del Atl\u00e1ntico y la provincia de Puerto Plata acogieron con benepl\u00e1cito el anuncio hecho por el Ministro de Deportes, Danilo D\u00edaz, el pasado mi\u00e9rcoles en rueda de prensa la apertura de licitaci\u00f3n para la reparaci\u00f3n del pabell\u00f3n de baloncesto Fabio Rafael Gonz\u00e1lez, el cual se espera que sea un hecho para la alegr\u00eda de todos los puertoplate\u00f1os.<\/p>\n<p>La presidenta de la franquicia, Mileyka Brugal, particip\u00f3 en una reuni\u00f3n llevada a cabo en el despacho del Ministro Deportes, el pasado a\u00f1o, junto a una importante delegaci\u00f3n de puertoplate\u00f1os que reclamaban la remodelaci\u00f3n del techado.<\/p>\n<p>Mileyka Brugal dijo, \u201cLa provincia de Puerto Plata se siente regocijado por dicho anuncio y espera con ansias el inicio de los trabajos del techado de baloncesto, en el cual se juega el baloncesto superior local, las categor\u00edas menores de la Asociaci\u00f3n de Baloncesto de Puerto Plata (ABAPPLATA) y adem\u00e1s es la casa de los Huracanes del Atl\u00e1ntico\u201d.<\/p>\n","protected":false},"excerpt":{"rendered":"<p>El equipo de Baloncesto Profesional Huracanes del Atl\u00e1ntico y la provincia de Puerto Plata acogieron con benepl\u00e1cito el anuncio hecho por el Ministro de Deportes, Danilo D\u00edaz, el pasado mi\u00e9rcoles en rueda de prensa la apertura de licitaci\u00f3n para la reparaci\u00f3n del pabell\u00f3n de baloncesto Fabio Rafael Gonz\u00e1lez, el cual se espera que sea un [&hellip;]<\/p>\n","protected":false},"author":9,"featured_media":53086,"comment_status":"closed","ping_status":"closed","sticky":false,"template":"","format":"standard","meta":[],"categories":[2,60],"tags":[],"acf":[],"_links":{"self":[{"href":"https:\/\/colimdo.org\/wp-api\/wp\/v2\/posts\/53085"}],"collection":[{"href":"https:\/\/colimdo.org\/wp-api\/wp\/v2\/posts"}],"about":[{"href":"https:\/\/colimdo.org\/wp-api\/wp\/v2\/types\/post"}],"author":[{"embeddable":true,"href":"https:\/\/colimdo.org\/wp-api\/wp\/v2\/users\/9"}],"replies":[{"embeddable":true,"href":"https:\/\/colimdo.org\/wp-api\/wp\/v2\/comments?post=53085"}],"version-history":[{"count":1,"href":"https:\/\/colimdo.org\/wp-api\/wp\/v2\/posts\/53085\/revisions"}],"predecessor-version":[{"id":53087,"href":"https:\/\/colimdo.org\/wp-api\/wp\/v2\/posts\/53085\/revisions\/53087"}],"wp:featuredmedia":[{"embeddable":true,"href":"https:\/\/colimdo.org\/wp-api\/wp\/v2\/media\/53086"}],"wp:attachment":[{"href":"https:\/\/colimdo.org\/wp-api\/wp\/v2\/media?parent=53085"}],"wp:term":[{"taxonomy":"category","embeddable":true,"href":"https:\/\/colimdo.org\/wp-api\/wp\/v2\/categories?post=53085"},{"taxonomy":"post_tag","embeddable":true,"href":"https:\/\/colimdo.org\/wp-api\/wp\/v2\/tags?post=53085"}],"curies":[{"name":"wp","href":"https:\/\/api.w.org\/{rel}","templated":true}]}}