{"id":53103,"date":"2019-05-11T20:08:18","date_gmt":"2019-05-11T20:08:18","guid":{"rendered":"https:\/\/colimdo.org\/?p=53103"},"modified":"2019-05-11T20:08:18","modified_gmt":"2019-05-11T20:08:18","slug":"federer-agrega-abierto-italia-calendario-preparacion","status":"publish","type":"post","link":"https:\/\/colimdo.org\/noticias\/federer-agrega-abierto-italia-calendario-preparacion\/","title":{"rendered":"Federer agrega el Abierto de Italia a su calendario de preparaci\u00f3n"},"content":{"rendered":"<p>ROME (AP) \u2014 Roger Federer a\u00f1adi\u00f3 el Abierto de Italia a su calendario de preparaci\u00f3n para el Roland Garros.<\/p>\n<p>Un d\u00eda despu\u00e9s de su derrota en tres sets contra Dominic Thiem en cuartos de final del Abierto de Madrid, Federer anunci\u00f3 sus planes el s\u00e1bado en un video en Instagram el s\u00e1bado.<\/p>\n<p>Federer dijo: \u201cHola. Acabo de hablar con el equipo y estoy feliz de decir que voy a Roma a jugar en Italia. Ha pasado demasiado tiempo. Nos vemos. Ciao tutti\u201d.<\/p>\n<p>El Abierto de Italia comienza el domingo y Federer tendr\u00e1 libre la primera ronda, como tercera cabeza de serie. Arrancar\u00e1 contra Frances Tiafoe o Joao Sousa.<\/p>\n<p>Federer ha llegado a cuatro finales en el Abierto de Italia, pero no ha ganado ninguna.<\/p>\n<p>Federer se ausent\u00f3 de los torneos de arcilla en los dos \u00faltimos a\u00f1os a fin de cuidar su f\u00edsico para el resto de la campa\u00f1a. Decidi\u00f3 regresar este a\u00f1o con vistas a su participaci\u00f3n en el Abierto de Francia, que comienza el 26 de mayo.<\/p>\n","protected":false},"excerpt":{"rendered":"<p>ROME (AP) \u2014 Roger Federer a\u00f1adi\u00f3 el Abierto de Italia a su calendario de preparaci\u00f3n para el Roland Garros. Un d\u00eda despu\u00e9s de su derrota en tres sets contra Dominic Thiem en cuartos de final del Abierto de Madrid, Federer anunci\u00f3 sus planes el s\u00e1bado en un video en Instagram el s\u00e1bado. Federer dijo: \u201cHola. [&hellip;]<\/p>\n","protected":false},"author":9,"featured_media":53104,"comment_status":"closed","ping_status":"closed","sticky":false,"template":"","format":"standard","meta":[],"categories":[2,60],"tags":[],"acf":[],"_links":{"self":[{"href":"https:\/\/colimdo.org\/wp-api\/wp\/v2\/posts\/53103"}],"collection":[{"href":"https:\/\/colimdo.org\/wp-api\/wp\/v2\/posts"}],"about":[{"href":"https:\/\/colimdo.org\/wp-api\/wp\/v2\/types\/post"}],"author":[{"embeddable":true,"href":"https:\/\/colimdo.org\/wp-api\/wp\/v2\/users\/9"}],"replies":[{"embeddable":true,"href":"https:\/\/colimdo.org\/wp-api\/wp\/v2\/comments?post=53103"}],"version-history":[{"count":1,"href":"https:\/\/colimdo.org\/wp-api\/wp\/v2\/posts\/53103\/revisions"}],"predecessor-version":[{"id":53105,"href":"https:\/\/colimdo.org\/wp-api\/wp\/v2\/posts\/53103\/revisions\/53105"}],"wp:featuredmedia":[{"embeddable":true,"href":"https:\/\/colimdo.org\/wp-api\/wp\/v2\/media\/53104"}],"wp:attachment":[{"href":"https:\/\/colimdo.org\/wp-api\/wp\/v2\/media?parent=53103"}],"wp:term":[{"taxonomy":"category","embeddable":true,"href":"https:\/\/colimdo.org\/wp-api\/wp\/v2\/categories?post=53103"},{"taxonomy":"post_tag","embeddable":true,"href":"https:\/\/colimdo.org\/wp-api\/wp\/v2\/tags?post=53103"}],"curies":[{"name":"wp","href":"https:\/\/api.w.org\/{rel}","templated":true}]}}