{"id":53109,"date":"2019-05-11T21:53:13","date_gmt":"2019-05-11T21:53:13","guid":{"rendered":"https:\/\/colimdo.org\/?p=53109"},"modified":"2019-05-11T21:25:18","modified_gmt":"2019-05-11T21:25:18","slug":"roglic-conquisto-la-primera-etapa-del-giro-italia","status":"publish","type":"post","link":"https:\/\/colimdo.org\/noticias\/roglic-conquisto-la-primera-etapa-del-giro-italia\/","title":{"rendered":"Roglic conquist\u00f3 la primera etapa del Giro de Italia"},"content":{"rendered":"<p>BOLONIA, Italia (AP) \u2014 El esloveno Primoz Roglic se adjudic\u00f3 la primera etapa del Giro de Italia al completar el s\u00e1bado la contrarreloj individual apenas por delante de dos de los favoritos a la victoria general.<\/p>\n<p>Roglic, del equipo Jumbo-Visma, fue el \u00fanico ciclista en finalizar debajo de los 13 minutos el tramo de 8,2 kil\u00f3metros (5,1 millas), una ruta mayormente plana hasta al empinada cuesta hasta el Santuario de San Luca.<\/p>\n<p>Roglic, de 29 a\u00f1os, fue 19 segundos m\u00e1s veloz que el brit\u00e1nico Simon Yates y 23 segundos delante del favorito local Vincenzo Nibali.<\/p>\n<p>El colombiano Miguel \u00c1ngel L\u00f3pez (Astana) qued\u00f3 cuarto, 28 segundos detr\u00e1s.<\/p>\n<p>Roglic era 12do al salir de la rampa y tuvo que esperar por un buen rato para saber si su registro de 12 minutos y 54 segundos ser\u00eda suficiente para vencer a Yates, fue uno de los \u00faltimos en largar.<\/p>\n<div id=\"div-gpt-ad-1470255291270-0\" class=\"DFPSlot\" data-key=\"ad-placeholder\" data-google-query-id=\"CNrt9Nu0lOICFd54wQod9dwNVA\">\n<p>\u201cEstuvimos esperando aqu\u00ed creo que por 3 horas, pero finalmente\u201d, dijo Roglic. \u201cEs una buena sensaci\u00f3n. Hicimos un trabajo perfecto y estoy s\u00faper contento\u201d.<\/p>\n<p>Yates lider\u00f3 la carrera durante 13 d\u00edas el a\u00f1o pasado pero la victoria final acab\u00f3 en manos de su compatriota Chris Froome, quien ahora se ha enfocado en conquistar el Tour de Francia que defender su corona del Giro.<\/p>\n<p>\u201cHice todo lo que pude\u201d, dijo Yates. \u201cQuiz\u00e1s fui un poco lento al inicio, pero esa tambi\u00e9n era la t\u00e1ctica. No se puede ir a tope de principio a fin\u201d.<\/p>\n<p>Nibali gan\u00f3 el Giro en 2013 y luego en 2016. Una tercera victoria le dejar\u00eda como el campe\u00f3n m\u00e1s veterano en la Gran Vuelta de su pa\u00eds.<\/p>\n<p>\u201cQued\u00f3 feliz como mi desempe\u00f1o\u201d, dijo el corredor de 34 a\u00f1os. \u201cFue una contrarreloj dur\u00edsima, pese a que conoc\u00eda bien el recorrido tras recorrerlo tantas veces en el Giro de la Emilia y en los entrenamientos\u201d.<\/p>\n<p>La segunda tapa el domingo cubrir\u00e1 una ruta de 205 kil\u00f3metros entre Bolonia y Fucecchio, que deber\u00e1 ser ganada por un velocista.<\/p>\n<p>El Giro concluye en Verona el 2 de junio.<\/p>\n<\/div>\n","protected":false},"excerpt":{"rendered":"<p>BOLONIA, Italia (AP) \u2014 El esloveno Primoz Roglic se adjudic\u00f3 la primera etapa del Giro de Italia al completar el s\u00e1bado la contrarreloj individual apenas por delante de dos de los favoritos a la victoria general. Roglic, del equipo Jumbo-Visma, fue el \u00fanico ciclista en finalizar debajo de los 13 minutos el tramo de 8,2 [&hellip;]<\/p>\n","protected":false},"author":9,"featured_media":53110,"comment_status":"closed","ping_status":"closed","sticky":false,"template":"","format":"standard","meta":[],"categories":[2,60],"tags":[],"acf":[],"_links":{"self":[{"href":"https:\/\/colimdo.org\/wp-api\/wp\/v2\/posts\/53109"}],"collection":[{"href":"https:\/\/colimdo.org\/wp-api\/wp\/v2\/posts"}],"about":[{"href":"https:\/\/colimdo.org\/wp-api\/wp\/v2\/types\/post"}],"author":[{"embeddable":true,"href":"https:\/\/colimdo.org\/wp-api\/wp\/v2\/users\/9"}],"replies":[{"embeddable":true,"href":"https:\/\/colimdo.org\/wp-api\/wp\/v2\/comments?post=53109"}],"version-history":[{"count":1,"href":"https:\/\/colimdo.org\/wp-api\/wp\/v2\/posts\/53109\/revisions"}],"predecessor-version":[{"id":53111,"href":"https:\/\/colimdo.org\/wp-api\/wp\/v2\/posts\/53109\/revisions\/53111"}],"wp:featuredmedia":[{"embeddable":true,"href":"https:\/\/colimdo.org\/wp-api\/wp\/v2\/media\/53110"}],"wp:attachment":[{"href":"https:\/\/colimdo.org\/wp-api\/wp\/v2\/media?parent=53109"}],"wp:term":[{"taxonomy":"category","embeddable":true,"href":"https:\/\/colimdo.org\/wp-api\/wp\/v2\/categories?post=53109"},{"taxonomy":"post_tag","embeddable":true,"href":"https:\/\/colimdo.org\/wp-api\/wp\/v2\/tags?post=53109"}],"curies":[{"name":"wp","href":"https:\/\/api.w.org\/{rel}","templated":true}]}}