{"id":53129,"date":"2019-05-12T01:28:20","date_gmt":"2019-05-12T01:28:20","guid":{"rendered":"https:\/\/colimdo.org\/?p=53129"},"modified":"2019-05-12T01:28:20","modified_gmt":"2019-05-12T01:28:20","slug":"frank-vogel-sera-dirigente-los-lakers","status":"publish","type":"post","link":"https:\/\/colimdo.org\/noticias\/frank-vogel-sera-dirigente-los-lakers\/","title":{"rendered":"Frank Vogel ser\u00e1 el dirigente de los Lakers"},"content":{"rendered":"<p>LOS \u00c1NGELES (AP) \u2014 Frank Vogel ser\u00e1 el nuevo entrenador de los Lakers de Los \u00c1ngeles.<\/p>\n<p>Una persona con conocimiento de la b\u00fasqueda del sucesor de Luke Walton confirm\u00f3 a The Associated Press que Vogel ha sido contratado. La persona con AP el s\u00e1bado con la condici\u00f3n de no ser identificada debido a que la contrataci\u00f3n no hab\u00eda sido anunciada p\u00fablicamente. Vogel viaj\u00f3 a Los \u00c1ngeles el jueves.<\/p>\n<p>Vogel, de 45 a\u00f1os, no dirigi\u00f3 la pasada temporada tras dos temporadas con el Magic de Orlando. Lleg\u00f3 a Orlando luego de algo m\u00e1s de cinco temporadas al mando de los Pacers de Indiana, con los que alcanz\u00f3 las finales de la Conferencia del Este en 2013 y \u201914.<\/p>\n<p>Se sabe que Vogel que el quinto candidato entrevistado por los Lakers al abrirse la plaza con el despido de Walton el 12 de abril.<\/p>\n<p>Los \u00c1ngeles pareci\u00f3 estar a punto de contratar a Tyronn Lue esta semana, pero las negociaciones no llegaron a buen puerto. Tambi\u00e9n tuvieron en consideraci\u00f3n a Monty Williams, quien fich\u00f3 con los Suns de Phoenix, as\u00ed como a Juwan Howard y Jason Kidd. Adem\u00e1s, entrevistaron a J.B. Bickerstaff el viernes.<\/p>\n","protected":false},"excerpt":{"rendered":"<p>LOS \u00c1NGELES (AP) \u2014 Frank Vogel ser\u00e1 el nuevo entrenador de los Lakers de Los \u00c1ngeles. Una persona con conocimiento de la b\u00fasqueda del sucesor de Luke Walton confirm\u00f3 a The Associated Press que Vogel ha sido contratado. La persona con AP el s\u00e1bado con la condici\u00f3n de no ser identificada debido a que la [&hellip;]<\/p>\n","protected":false},"author":9,"featured_media":53130,"comment_status":"closed","ping_status":"closed","sticky":false,"template":"","format":"standard","meta":[],"categories":[2,60],"tags":[],"acf":[],"_links":{"self":[{"href":"https:\/\/colimdo.org\/wp-api\/wp\/v2\/posts\/53129"}],"collection":[{"href":"https:\/\/colimdo.org\/wp-api\/wp\/v2\/posts"}],"about":[{"href":"https:\/\/colimdo.org\/wp-api\/wp\/v2\/types\/post"}],"author":[{"embeddable":true,"href":"https:\/\/colimdo.org\/wp-api\/wp\/v2\/users\/9"}],"replies":[{"embeddable":true,"href":"https:\/\/colimdo.org\/wp-api\/wp\/v2\/comments?post=53129"}],"version-history":[{"count":1,"href":"https:\/\/colimdo.org\/wp-api\/wp\/v2\/posts\/53129\/revisions"}],"predecessor-version":[{"id":53131,"href":"https:\/\/colimdo.org\/wp-api\/wp\/v2\/posts\/53129\/revisions\/53131"}],"wp:featuredmedia":[{"embeddable":true,"href":"https:\/\/colimdo.org\/wp-api\/wp\/v2\/media\/53130"}],"wp:attachment":[{"href":"https:\/\/colimdo.org\/wp-api\/wp\/v2\/media?parent=53129"}],"wp:term":[{"taxonomy":"category","embeddable":true,"href":"https:\/\/colimdo.org\/wp-api\/wp\/v2\/categories?post=53129"},{"taxonomy":"post_tag","embeddable":true,"href":"https:\/\/colimdo.org\/wp-api\/wp\/v2\/tags?post=53129"}],"curies":[{"name":"wp","href":"https:\/\/api.w.org\/{rel}","templated":true}]}}