{"id":53143,"date":"2019-05-12T15:10:55","date_gmt":"2019-05-12T15:10:55","guid":{"rendered":"https:\/\/colimdo.org\/?p=53143"},"modified":"2019-05-12T14:12:00","modified_gmt":"2019-05-12T14:12:00","slug":"anuncian-documental-la-vida-michael-schumacher","status":"publish","type":"post","link":"https:\/\/colimdo.org\/noticias\/anuncian-documental-la-vida-michael-schumacher\/","title":{"rendered":"Anuncian documental sobre la vida de Michael Schumacher"},"content":{"rendered":"<p>LOS \u00c1NGELES (AP) \u2014 La exestrella de la F\u00f3rmula Uno Michael Schumacher ser\u00e1 el tema de un documental sobre su vida, anunciaron los productores ejecutivos de la cinta el domingo.<\/p>\n<p>Los cineastas alemanes Michael Wech y Hanns-Bruno Kammert\u00f6ns son los directores de la pel\u00edcula, que de acuerdo con la productora Rocket Science cuenta con \u201cel respaldo total de la familia Schumacher\u201d e incluir\u00e1 entrevistas con su padre, esposa e hijos.<\/p>\n<p>Schumacher posee el r\u00e9cord de siete t\u00edtulos de la F1 y 91 victorias en carreras de grand prix.<\/p>\n<p>Schumacher, de 50 a\u00f1os, sufri\u00f3 una lesi\u00f3n cerebral traum\u00e1tica al caer mientras esquiaba en 2013. Despu\u00e9s sali\u00f3 de un coma inducido, pero los reportes sobre su estado de salud han sido escasos desde que fue dado de alta del hospital.<\/p>\n<p>Los productores ejecutivos indicaron que el documental se encuentra en etapa de postproducci\u00f3n y que lo ofrecer\u00e1n a la venta para los mercados fuera de Alemania en el Festival de Cine de Cannes a finales de este mes.<\/p>\n","protected":false},"excerpt":{"rendered":"<p>LOS \u00c1NGELES (AP) \u2014 La exestrella de la F\u00f3rmula Uno Michael Schumacher ser\u00e1 el tema de un documental sobre su vida, anunciaron los productores ejecutivos de la cinta el domingo. Los cineastas alemanes Michael Wech y Hanns-Bruno Kammert\u00f6ns son los directores de la pel\u00edcula, que de acuerdo con la productora Rocket Science cuenta con \u201cel [&hellip;]<\/p>\n","protected":false},"author":9,"featured_media":53144,"comment_status":"closed","ping_status":"closed","sticky":false,"template":"","format":"standard","meta":[],"categories":[2,60],"tags":[],"acf":[],"_links":{"self":[{"href":"https:\/\/colimdo.org\/wp-api\/wp\/v2\/posts\/53143"}],"collection":[{"href":"https:\/\/colimdo.org\/wp-api\/wp\/v2\/posts"}],"about":[{"href":"https:\/\/colimdo.org\/wp-api\/wp\/v2\/types\/post"}],"author":[{"embeddable":true,"href":"https:\/\/colimdo.org\/wp-api\/wp\/v2\/users\/9"}],"replies":[{"embeddable":true,"href":"https:\/\/colimdo.org\/wp-api\/wp\/v2\/comments?post=53143"}],"version-history":[{"count":1,"href":"https:\/\/colimdo.org\/wp-api\/wp\/v2\/posts\/53143\/revisions"}],"predecessor-version":[{"id":53145,"href":"https:\/\/colimdo.org\/wp-api\/wp\/v2\/posts\/53143\/revisions\/53145"}],"wp:featuredmedia":[{"embeddable":true,"href":"https:\/\/colimdo.org\/wp-api\/wp\/v2\/media\/53144"}],"wp:attachment":[{"href":"https:\/\/colimdo.org\/wp-api\/wp\/v2\/media?parent=53143"}],"wp:term":[{"taxonomy":"category","embeddable":true,"href":"https:\/\/colimdo.org\/wp-api\/wp\/v2\/categories?post=53143"},{"taxonomy":"post_tag","embeddable":true,"href":"https:\/\/colimdo.org\/wp-api\/wp\/v2\/tags?post=53143"}],"curies":[{"name":"wp","href":"https:\/\/api.w.org\/{rel}","templated":true}]}}