{"id":53152,"date":"2019-05-12T17:22:39","date_gmt":"2019-05-12T17:22:39","guid":{"rendered":"https:\/\/colimdo.org\/?p=53152"},"modified":"2019-05-12T17:22:39","modified_gmt":"2019-05-12T17:22:39","slug":"cbpc-da-conocer-agenda-convocatoria-asamblea-general-ordinaria","status":"publish","type":"post","link":"https:\/\/colimdo.org\/noticias\/cbpc-da-conocer-agenda-convocatoria-asamblea-general-ordinaria\/","title":{"rendered":"CBPC da a conocer agenda y convocatoria de su Asamblea General Ordinaria"},"content":{"rendered":"<p><span data-originalfontsize=\"13pt\" data-originalcomputedfontsize=\"17.33333396911621\">La Confederaci\u00f3n de Beisbol Profesional del Caribe (CBPC) dio a conocer p\u00fablicamente este domingo la convocatoria oficial a los presidentes y a las Ligas de Invierno, as\u00ed como la agenda a desarrollar en la Asamblea General Ordinaria 2019 que se llevara a cabo este martes 14 de Mayo en San Juan, Puerto Rico, a partir de las 9:30 de la ma\u00f1ana.<\/span><\/p>\n<p><span data-originalfontsize=\"13pt\" data-originalcomputedfontsize=\"17.33333396911621\">La informaci\u00f3n la dio a conocer el licenciado Juan\u00a0 Francisco Puello Herrera, Comisionado de Beisbol del Caribe, mediante un despacho de prensa.<\/span><\/p>\n<p><span data-originalfontsize=\"13pt\" data-originalcomputedfontsize=\"17.33333396911621\">Dijo que mediante la presente comunicaci\u00f3n, enviada el pasado viernes 10 de Mayo de 2019, a cada presidente de las Ligas Invernales,\u00a0 en sus respectivas calidades, como tambi\u00e9n la Liga Dominicana de B\u00e9isbol Profesional (LIDOM), la Liga Venezolana de B\u00e9isbol Profesional (LVBP), la Liga Mexicana del Pacifico (LMP) y la Liga de B\u00e9isbol Profesional Roberto Clemente de Puerto Rico (LBPRC) quedaron debidamente convocados a la celebraci\u00f3n de la Primera Asamblea General Ordinaria Anual de la Confederaci\u00f3n de Beisbol Profesional del Caribe (CBPC).<\/span><\/p>\n<p><span data-originalfontsize=\"13pt\" data-originalcomputedfontsize=\"17.33333396911621\">La actividad ser\u00e1 celebrada este martes 14 de Mayo de 2019 en el Museo del Deporte de Puerto Rico, localizado en el Boulevar del Deporte #3, Municipio de Guaynabo, Puerto Rico, iniciando los trabajos a las 9:30 de la ma\u00f1ana.<\/span><\/p>\n<p><span data-originalfontsize=\"13pt\" data-originalcomputedfontsize=\"17.33333396911621\">La Agenda del D\u00eda<\/span><\/p>\n<p><span data-originalfontsize=\"13pt\" data-originalcomputedfontsize=\"17.33333396911621\">A continuaci\u00f3n, le remitimos el Orden del D\u00eda correspondientes a las Segunda y Tercera Asambleas Generales Ordinarias Anuales de la Confederaci\u00f3n de Beisbol Profesional del Caribe (CBPC):\u00a0 Orden del d\u00eda correspondiente a la Primera Asamblea General Ordinaria Anual de la Confederaci\u00f3n de Beisbol Profesional del Caribe (CBPC), del (14) de mayo del 2019.<\/span><\/p>\n<p><span data-originalfontsize=\"13pt\" data-originalcomputedfontsize=\"17.33333396911621\">1)\u00a0Apertura de la Asamblea y presentaci\u00f3n de los directivos,\u00a0 2)<\/span><\/p>\n<p><span data-originalfontsize=\"13pt\" data-originalcomputedfontsize=\"17.33333396911621\">Presentaci\u00f3n a solicitud de la Liga de B\u00e9isbol Profesional Roberto Clemente de Puerto Rico, de Parlamentario Profesional Certificado, que de fe de la Asamblea, 3) Presentaci\u00f3n de Memorias del Comisionado, 4) Presentaci\u00f3n del Presupuesto de Ingresos y Egresos 2019-2020, incluyendo informe final de Serie del Caribe Panam\u00e1 2019,\u00a0 5)\u00a0Elecci\u00f3n por Estatutos para Comisionado del Caribe, 6) Turno del comit\u00e9 Organizador de Serie del Caribe San Juan 2020.\u00a0\u00a0\u00a0 7)\u00a0Clausura.<\/span><\/p>\n<p>&nbsp;<\/p>\n","protected":false},"excerpt":{"rendered":"<p>La Confederaci\u00f3n de Beisbol Profesional del Caribe (CBPC) dio a conocer p\u00fablicamente este domingo la convocatoria oficial a los presidentes y a las Ligas de Invierno, as\u00ed como la agenda a desarrollar en la Asamblea General Ordinaria 2019 que se llevara a cabo este martes 14 de Mayo en San Juan, Puerto Rico, a partir [&hellip;]<\/p>\n","protected":false},"author":9,"featured_media":53153,"comment_status":"closed","ping_status":"closed","sticky":false,"template":"","format":"standard","meta":[],"categories":[2,60],"tags":[],"acf":[],"_links":{"self":[{"href":"https:\/\/colimdo.org\/wp-api\/wp\/v2\/posts\/53152"}],"collection":[{"href":"https:\/\/colimdo.org\/wp-api\/wp\/v2\/posts"}],"about":[{"href":"https:\/\/colimdo.org\/wp-api\/wp\/v2\/types\/post"}],"author":[{"embeddable":true,"href":"https:\/\/colimdo.org\/wp-api\/wp\/v2\/users\/9"}],"replies":[{"embeddable":true,"href":"https:\/\/colimdo.org\/wp-api\/wp\/v2\/comments?post=53152"}],"version-history":[{"count":1,"href":"https:\/\/colimdo.org\/wp-api\/wp\/v2\/posts\/53152\/revisions"}],"predecessor-version":[{"id":53154,"href":"https:\/\/colimdo.org\/wp-api\/wp\/v2\/posts\/53152\/revisions\/53154"}],"wp:featuredmedia":[{"embeddable":true,"href":"https:\/\/colimdo.org\/wp-api\/wp\/v2\/media\/53153"}],"wp:attachment":[{"href":"https:\/\/colimdo.org\/wp-api\/wp\/v2\/media?parent=53152"}],"wp:term":[{"taxonomy":"category","embeddable":true,"href":"https:\/\/colimdo.org\/wp-api\/wp\/v2\/categories?post=53152"},{"taxonomy":"post_tag","embeddable":true,"href":"https:\/\/colimdo.org\/wp-api\/wp\/v2\/tags?post=53152"}],"curies":[{"name":"wp","href":"https:\/\/api.w.org\/{rel}","templated":true}]}}