{"id":53165,"date":"2019-05-12T18:36:30","date_gmt":"2019-05-12T18:36:30","guid":{"rendered":"https:\/\/colimdo.org\/?p=53165"},"modified":"2019-05-12T18:36:30","modified_gmt":"2019-05-12T18:36:30","slug":"ackermann-gana-la-segunda-etapa-del-giro-italia","status":"publish","type":"post","link":"https:\/\/colimdo.org\/noticias\/ackermann-gana-la-segunda-etapa-del-giro-italia\/","title":{"rendered":"Ackermann gana la segunda etapa del Giro de Italia"},"content":{"rendered":"<p>FUCECCHIO, Italia (AP) \u2014 Pascal Ackermann cerr\u00f3 a velocidad para llevarse la victoria al final de la segunda etapa del Giro de Italia el domingo, mientras que el ciclista esloveno Primoz Roglic mantuvo el liderato general.<\/p>\n<p>Fue la primera victoria del alem\u00e1n de 25 a\u00f1os, de Bora-Hansgrohe, en su primer Grand Tour Ackermann.<\/p>\n<p>Ackermann super\u00f3 a Elia Viviani y Caleb Ewan en un cierre a velocidad al final de la ruta de 205 kil\u00f3metros (127 millas) de Bolonia a Fucecchio.<\/p>\n<p>\u201cMe siento feliz de ganar la primera etapa de sprint porque ahora se ha ido toda la presi\u00f3n y hemos mostrado que somos realmente fuertes\u201d, dijo Ackermann. \u201cSimplemente me siento feliz\u201d.<\/p>\n<p>Todos los favoritos evitaron un peque\u00f1o choque al frente del pelot\u00f3n en el \u00faltimo kil\u00f3metro de la carrera. Ackermann y Ewan iniciaron su despegue casi en ese mismo intante, pero Ewan cedi\u00f3 ante un Viviani que se qued\u00f3 con el segundo puesto.<\/p>\n<p>\u201cEleg\u00ed el momento adecuado para acelerar a 250 metros de la meta\u201d, agreg\u00f3 Ackermann. \u201cViviani tambi\u00e9n cerr\u00f3 bastante fuerte, pero por suerte yo empec\u00e9 primero y me llev\u00e9 la victoria hoy. Ganar la primera etapa de mi primer Grand Tour es fant\u00e1stico\u201d.<\/p>\n<p>La primera parte de la etapa se corri\u00f3 en condiciones fr\u00edas y h\u00famedas pero para la segunda mitad el asfalto luc\u00eda seco y los ciclistas pudieron mudar de algunas prendas.<\/p>\n<p>Roglic, quien gan\u00f3 la etapa inicial el s\u00e1bado, tiene una ventaja de 19 segundos sobre el brit\u00e1nico Simon Yates en la tabla de posiciones generales y se halla 23 segundos adelante del favorito local Vincenzo Nibali.<\/p>\n<p>\u201cNo fue un d\u00eda f\u00e1cil, porque fue fr\u00edo al principio y un tanto veloz de principio a fin\u201d, afirm\u00f3 Roglic. \u201cMa\u00f1ana ser\u00e1 otro d\u00eda en Maglia Rosa. El equipo trabaj\u00f3 duro para eso. Es un placer retener el jersey\u201d.<\/p>\n<p>La tercera etapa, que se corre el lunes, es otra de sprinters, una ruta de 220 kil\u00f3metros de Vinci a Orbetello.<\/p>\n<p>El Giro termina en Verona el 2 de junio.<\/p>\n","protected":false},"excerpt":{"rendered":"<p>FUCECCHIO, Italia (AP) \u2014 Pascal Ackermann cerr\u00f3 a velocidad para llevarse la victoria al final de la segunda etapa del Giro de Italia el domingo, mientras que el ciclista esloveno Primoz Roglic mantuvo el liderato general. Fue la primera victoria del alem\u00e1n de 25 a\u00f1os, de Bora-Hansgrohe, en su primer Grand Tour Ackermann. Ackermann super\u00f3 [&hellip;]<\/p>\n","protected":false},"author":9,"featured_media":53166,"comment_status":"closed","ping_status":"closed","sticky":false,"template":"","format":"standard","meta":[],"categories":[2,60],"tags":[],"acf":[],"_links":{"self":[{"href":"https:\/\/colimdo.org\/wp-api\/wp\/v2\/posts\/53165"}],"collection":[{"href":"https:\/\/colimdo.org\/wp-api\/wp\/v2\/posts"}],"about":[{"href":"https:\/\/colimdo.org\/wp-api\/wp\/v2\/types\/post"}],"author":[{"embeddable":true,"href":"https:\/\/colimdo.org\/wp-api\/wp\/v2\/users\/9"}],"replies":[{"embeddable":true,"href":"https:\/\/colimdo.org\/wp-api\/wp\/v2\/comments?post=53165"}],"version-history":[{"count":1,"href":"https:\/\/colimdo.org\/wp-api\/wp\/v2\/posts\/53165\/revisions"}],"predecessor-version":[{"id":53167,"href":"https:\/\/colimdo.org\/wp-api\/wp\/v2\/posts\/53165\/revisions\/53167"}],"wp:featuredmedia":[{"embeddable":true,"href":"https:\/\/colimdo.org\/wp-api\/wp\/v2\/media\/53166"}],"wp:attachment":[{"href":"https:\/\/colimdo.org\/wp-api\/wp\/v2\/media?parent=53165"}],"wp:term":[{"taxonomy":"category","embeddable":true,"href":"https:\/\/colimdo.org\/wp-api\/wp\/v2\/categories?post=53165"},{"taxonomy":"post_tag","embeddable":true,"href":"https:\/\/colimdo.org\/wp-api\/wp\/v2\/tags?post=53165"}],"curies":[{"name":"wp","href":"https:\/\/api.w.org\/{rel}","templated":true}]}}