{"id":53174,"date":"2019-05-12T22:19:40","date_gmt":"2019-05-12T22:19:40","guid":{"rendered":"https:\/\/colimdo.org\/?p=53174"},"modified":"2019-05-12T22:19:40","modified_gmt":"2019-05-12T22:19:40","slug":"este-lunes-inicia-concentracion-atletas-rd-albergue-olimpico","status":"publish","type":"post","link":"https:\/\/colimdo.org\/noticias\/este-lunes-inicia-concentracion-atletas-rd-albergue-olimpico\/","title":{"rendered":"Este lunes inicia concentraci\u00f3n de atletas de RD en Albergue Ol\u00edmpico"},"content":{"rendered":"<div id=\"m_-3453401352565590096ydp18a53be0yiv1743125753yui_3_16_0_ym19_1_1557665149944_6141\"><span id=\"m_-3453401352565590096ydp18a53be0yiv1743125753yui_3_16_0_ym19_1_1557665149944_6142\">SANTO DOMINGO.- El Comit\u00e9 Ol\u00edmpico Dominicano (COD) y el Ministerio de Deportes (Miderec) dejar\u00e1n oficialmente abierta la concentraci\u00f3n de los deportistas dominicanos que representar\u00e1n el pa\u00eds en los Juegos Panamericano de Lima 2019.<\/span><\/div>\n<div><\/div>\n<div id=\"m_-3453401352565590096ydp18a53be0yiv1743125753yui_3_16_0_ym19_1_1557665149944_6144\"><span id=\"m_-3453401352565590096ydp18a53be0yiv1743125753yui_3_16_0_ym19_1_1557665149944_6145\">En un acto programado para las 11:30 de la ma\u00f1ana de este lunes, 13 de mayo, en el Centro de Alto <\/span><span id=\"m_-3453401352565590096ydp18a53be0yiv1743125753yui_3_16_0_ym19_1_1557665149944_6145\">Rendimiento del Ensanche La Fe (Albergue Ol\u00edmpico) los atletas de Rep\u00fablica Dominicana ser\u00e1n alojados all\u00ed para su preparaci\u00f3n de cara a la gran cita deportiva continental.<\/span><\/div>\n<div><\/div>\n<div id=\"m_-3453401352565590096ydp18a53be0yiv1743125753yui_3_16_0_ym19_1_1557665149944_6147\"><span id=\"m_-3453401352565590096ydp18a53be0yiv1743125753yui_3_16_0_ym19_1_1557665149944_6148\">La actividad marcar\u00e1 el<\/span><span id=\"m_-3453401352565590096ydp18a53be0yiv1743125753yui_3_16_0_ym19_1_1557665149944_6149\">\u00a0inicio de la concentraci\u00f3n de los deportistas clasificados a los Juegos Panamericanos de Lima 2019.<\/span><span id=\"m_-3453401352565590096ydp18a53be0yiv1743125753yui_3_16_0_ym19_1_1557665149944_6150\"><\/span><\/div>\n<div><\/div>\n<div id=\"m_-3453401352565590096ydp18a53be0yiv1743125753yui_3_16_0_ym19_1_1557665149944_6152\"><span id=\"m_-3453401352565590096ydp18a53be0yiv1743125753yui_3_16_0_ym19_1_1557665149944_6153\">Cerca de 200 atletas y oficiales ser\u00e1n llevados al Albergue Ol\u00edmpico para ofrecer las mejores condiciones a los deportistas y entrenadores dominicanos que se preparan de cara a los citados Juegos.<\/span><\/div>\n<div><\/div>\n<div id=\"m_-3453401352565590096ydp18a53be0yiv1743125753yui_3_16_0_ym19_1_1557665149944_6155\"><span id=\"m_-3453401352565590096ydp18a53be0yiv1743125753yui_3_16_0_ym19_1_1557665149944_6156\">A la actividad asistir\u00e1n las principales autoridades deportivas del pa\u00eds, incluyendo al Ministro de Deportes, licenciado Danilo D\u00edaz, as\u00ed como el presidente del Comit\u00e9 Ol\u00edmpico Dominicano.<\/span><\/div>\n<div><\/div>\n<div id=\"m_-3453401352565590096ydp18a53be0yiv1743125753yui_3_16_0_ym19_1_1557665149944_6158\"><span id=\"m_-3453401352565590096ydp18a53be0yiv1743125753yui_3_16_0_ym19_1_1557665149944_6159\">Hasta el momento se contempla llevar al Albergue Ol\u00edmpico a atletas de las disciplina de atletismo, b\u00e1dminton, balonmano femenino, baloncesto 3&#215;3, boxeo, judo, lucha ol\u00edmpica, pentatl\u00f3n moderno, surf, taekwondo, tenis de mesa, triatl\u00f3n, vela y voleibol playa.<\/span><span id=\"m_-3453401352565590096ydp18a53be0yiv1743125753yui_3_16_0_ym19_1_1557665149944_6160\"><\/span><\/div>\n<div><\/div>\n<div id=\"m_-3453401352565590096ydp18a53be0yiv1743125753yui_3_16_0_ym19_1_1557665149944_6162\"><span id=\"m_-3453401352565590096ydp18a53be0yiv1743125753yui_3_16_0_ym19_1_1557665149944_6163\">La decisi\u00f3n de llevar a los deportistas al Albergue Ol\u00edmpico fue tomada de manera conjunta por el COD y el Miderec para ofrecer las mejores condiciones a los deportistas dominicanos en este proceso de preparaci\u00f3n de cara a los Juegos Panamericanos de Lima 2019.<\/span><span id=\"m_-3453401352565590096ydp18a53be0yiv1743125753yui_3_16_0_ym19_1_1557665149944_6164\"><\/span><\/div>\n<div><\/div>\n<div id=\"m_-3453401352565590096ydp18a53be0yiv1743125753yui_3_16_0_ym19_1_1557665149944_6166\"><span id=\"m_-3453401352565590096ydp18a53be0yiv1743125753yui_3_16_0_ym19_1_1557665149944_6167\">Se han designado una serie de Comisiones de Trabajo para dar seguimiento al buen funcionamiento y estad\u00eda en el lugar de los atletas, tales como seguridad, transporte, alimentaci\u00f3n, entre otras.<\/span><span id=\"m_-3453401352565590096ydp18a53be0yiv1743125753yui_3_16_0_ym19_1_1557665149944_6168\"><\/span><\/div>\n<div><\/div>\n<div id=\"m_-3453401352565590096ydp18a53be0yiv1743125753yui_3_16_0_ym19_1_1557665149944_6170\"><span id=\"m_-3453401352565590096ydp18a53be0yiv1743125753yui_3_16_0_ym19_1_1557665149944_6171\">La Direcci\u00f3n T\u00e9cnica del COD y del Miderec estar\u00e1 dando seguimiento a los trabajos de preparaci\u00f3n de los deportistas.<\/span><\/div>\n","protected":false},"excerpt":{"rendered":"<p>SANTO DOMINGO.- El Comit\u00e9 Ol\u00edmpico Dominicano (COD) y el Ministerio de Deportes (Miderec) dejar\u00e1n oficialmente abierta la concentraci\u00f3n de los deportistas dominicanos que representar\u00e1n el pa\u00eds en los Juegos Panamericano de Lima 2019. En un acto programado para las 11:30 de la ma\u00f1ana de este lunes, 13 de mayo, en el Centro de Alto Rendimiento [&hellip;]<\/p>\n","protected":false},"author":9,"featured_media":53175,"comment_status":"closed","ping_status":"closed","sticky":false,"template":"","format":"standard","meta":[],"categories":[3,2,60],"tags":[],"acf":[],"_links":{"self":[{"href":"https:\/\/colimdo.org\/wp-api\/wp\/v2\/posts\/53174"}],"collection":[{"href":"https:\/\/colimdo.org\/wp-api\/wp\/v2\/posts"}],"about":[{"href":"https:\/\/colimdo.org\/wp-api\/wp\/v2\/types\/post"}],"author":[{"embeddable":true,"href":"https:\/\/colimdo.org\/wp-api\/wp\/v2\/users\/9"}],"replies":[{"embeddable":true,"href":"https:\/\/colimdo.org\/wp-api\/wp\/v2\/comments?post=53174"}],"version-history":[{"count":1,"href":"https:\/\/colimdo.org\/wp-api\/wp\/v2\/posts\/53174\/revisions"}],"predecessor-version":[{"id":53176,"href":"https:\/\/colimdo.org\/wp-api\/wp\/v2\/posts\/53174\/revisions\/53176"}],"wp:featuredmedia":[{"embeddable":true,"href":"https:\/\/colimdo.org\/wp-api\/wp\/v2\/media\/53175"}],"wp:attachment":[{"href":"https:\/\/colimdo.org\/wp-api\/wp\/v2\/media?parent=53174"}],"wp:term":[{"taxonomy":"category","embeddable":true,"href":"https:\/\/colimdo.org\/wp-api\/wp\/v2\/categories?post=53174"},{"taxonomy":"post_tag","embeddable":true,"href":"https:\/\/colimdo.org\/wp-api\/wp\/v2\/tags?post=53174"}],"curies":[{"name":"wp","href":"https:\/\/api.w.org\/{rel}","templated":true}]}}