{"id":53209,"date":"2019-05-13T13:25:24","date_gmt":"2019-05-13T13:25:24","guid":{"rendered":"https:\/\/colimdo.org\/?p=53209"},"modified":"2019-05-13T13:25:24","modified_gmt":"2019-05-13T13:25:24","slug":"villanueva-trabaja-duro-busca-tercer-titulo-panamericanos","status":"publish","type":"post","link":"https:\/\/colimdo.org\/noticias\/villanueva-trabaja-duro-busca-tercer-titulo-panamericanos\/","title":{"rendered":"Villanueva trabaja duro en busca de su tercer t\u00edtulo en Panamericanos"},"content":{"rendered":"<p><strong>SANTO DOMINGO.-<\/strong> Ana Villanueva, doble campeona de los 50 kilogramos de karate en Juegos Panamericanos, entrena cada d\u00eda para tratar de revalidar los t\u00edtulos conquistados en Guadalajara 2011 y en Toronto 2015.<\/p>\n<p>\u201cEstoy enfocada en buscar la tercera corona panamericana, en los Juegos que se efectuar\u00e1n del 26 de junio al 11 de agosto, en Lima, Per\u00fa\u201d, dijo Villanueva, al <strong>peri\u00f3dico El D\u00eda<\/strong>, optimista de que volver\u00e1 a salir por la puerta grande.<\/p>\n<p>La destacada atleta nacional busca cerrar en grande su carrera en el karate y para ello trabaja sin desmayo para su clasificaci\u00f3n a los Juegos Ol\u00edmpicos de Jap\u00f3n 2020.<\/p>\n<p>\u201cEntreno todos los d\u00edas en el pabell\u00f3n de karate del Centro Ol\u00edmpico Juan Pablo Duarte, para mantenerme en forma y darle otro triunfo al pa\u00eds en los Juegos de Per\u00fa\u201d, explic\u00f3 Villanueva al citado peri\u00f3dico.<\/p>\n<p>Su entrenador, Antonio V\u00f3lquez, asegura que tanto Villanueva como los dem\u00e1s clasificados para los Juegos Panamericanos de Lima, Per\u00fa, entrenan a todo vapor para obtener buenos resultados en el evento.<\/p>\n<p><strong>EL D\u00cdA<\/strong><\/p>\n","protected":false},"excerpt":{"rendered":"<p>SANTO DOMINGO.- Ana Villanueva, doble campeona de los 50 kilogramos de karate en Juegos Panamericanos, entrena cada d\u00eda para tratar de revalidar los t\u00edtulos conquistados en Guadalajara 2011 y en Toronto 2015. \u201cEstoy enfocada en buscar la tercera corona panamericana, en los Juegos que se efectuar\u00e1n del 26 de junio al 11 de agosto, en [&hellip;]<\/p>\n","protected":false},"author":9,"featured_media":53210,"comment_status":"closed","ping_status":"closed","sticky":false,"template":"","format":"standard","meta":[],"categories":[3,2,60],"tags":[],"acf":[],"_links":{"self":[{"href":"https:\/\/colimdo.org\/wp-api\/wp\/v2\/posts\/53209"}],"collection":[{"href":"https:\/\/colimdo.org\/wp-api\/wp\/v2\/posts"}],"about":[{"href":"https:\/\/colimdo.org\/wp-api\/wp\/v2\/types\/post"}],"author":[{"embeddable":true,"href":"https:\/\/colimdo.org\/wp-api\/wp\/v2\/users\/9"}],"replies":[{"embeddable":true,"href":"https:\/\/colimdo.org\/wp-api\/wp\/v2\/comments?post=53209"}],"version-history":[{"count":1,"href":"https:\/\/colimdo.org\/wp-api\/wp\/v2\/posts\/53209\/revisions"}],"predecessor-version":[{"id":53211,"href":"https:\/\/colimdo.org\/wp-api\/wp\/v2\/posts\/53209\/revisions\/53211"}],"wp:featuredmedia":[{"embeddable":true,"href":"https:\/\/colimdo.org\/wp-api\/wp\/v2\/media\/53210"}],"wp:attachment":[{"href":"https:\/\/colimdo.org\/wp-api\/wp\/v2\/media?parent=53209"}],"wp:term":[{"taxonomy":"category","embeddable":true,"href":"https:\/\/colimdo.org\/wp-api\/wp\/v2\/categories?post=53209"},{"taxonomy":"post_tag","embeddable":true,"href":"https:\/\/colimdo.org\/wp-api\/wp\/v2\/tags?post=53209"}],"curies":[{"name":"wp","href":"https:\/\/api.w.org\/{rel}","templated":true}]}}