{"id":53225,"date":"2019-05-13T18:34:54","date_gmt":"2019-05-13T18:34:54","guid":{"rendered":"https:\/\/colimdo.org\/?p=53225"},"modified":"2019-05-13T18:34:54","modified_gmt":"2019-05-13T18:34:54","slug":"gaviria-gana-3ra-etapa-del-giro-italia-descalificacion-viviani","status":"publish","type":"post","link":"https:\/\/colimdo.org\/noticias\/gaviria-gana-3ra-etapa-del-giro-italia-descalificacion-viviani\/","title":{"rendered":"Gaviria gana 3ra etapa del Giro de Italia por descalificaci\u00f3n de Viviani"},"content":{"rendered":"<p>ORBETELLO, Italia (AP) \u2014 El colombiano Fernando Gaviria gan\u00f3 el lunes la tercera etapa del Giro de Italia tras la descalificaci\u00f3n de Elia Viviani, que hab\u00eda cruzado primero la meta en un embalaje masivo.<\/p>\n<p>El esloveno Primoz Roglic lleg\u00f3 con el pelot\u00f3n, con el mismo tiempo, y conserv\u00f3 la \u201cmaglia rossa\u201d de l\u00edder de la clasificaci\u00f3n general.<\/p>\n<p>Viviani, segundo el domingo en otro embalaje en el que Gaviria entr\u00f3 cuarto, parec\u00eda haberse desquitado al cruzar primero la meta al cierre de un tramo de 220 kil\u00f3metros (137 millas) entre Vinci y Orbetello. Pero los jueces de la prueba dijeron que se hab\u00eda salido de su carril y que incluso hab\u00eda tocado las ruedas de su compatriota Matteo Moschetti.<\/p>\n<div class=\"Article\" data-key=\"article\">\n<p>Gaviria, corredor del equipo Emiratos \u00c1rabes Unidos que lo hab\u00eda escoltado, se qued\u00f3 as\u00ed con la victoria. Arnaud Demare fue segundo y Ackermann tercero.<\/p>\n<p>\u201cCuesta sonre\u00edr o sentirte feliz cuando le pasa algo as\u00ed a un amigo\u201d, declar\u00f3 Gaviria. \u201cLo siento por \u00e9l porque para m\u00ed, no pas\u00f3 nada. Para m\u00ed, \u00e9l es el ganador\u201d.<\/p>\n<p>\u201cCreo que es una decisi\u00f3n extrema\u201d, agreg\u00f3 el colombiano. \u201c\u00c9l nunca mir\u00f3 hacia tras para ver si ven\u00eda alguien, no lo hizo a prop\u00f3sito. Solo quer\u00eda ganar, no perjudicar a alguien. Siempre ha sido alguien correcto, un gran competidor\u201d.<\/p>\n<p>Viviani se fue sin hablar con la prensa, con un gesto de evidente malestar.<\/p>\n<p>Antes de que lo descalificasen se hab\u00eda mostrado euf\u00f3rico e incluso se hab\u00eda disculpado ante Moschetti.<\/p>\n<p>Tambi\u00e9n dijo que \u201chab\u00eda pensado toda la noche\u201d en la falla que le cost\u00f3 el triunfo el domingo. \u201cAyer comet\u00ed un error\u201d, se\u00f1al\u00f3.<\/p>\n<p>Roglic, ganador de la contra reloj inicial del s\u00e1bado, aventaja por 19 segundos al brit\u00e1nico Simon Yates en la general y por 23 al local Vincenzo Nibali. El colombiano Miguel \u00c1ngel L\u00f3pez se mantiene cuarto a 28 segundos.<\/p>\n<p>El pelot\u00f3n principal tuvo una jornada relativamente tranquila, que incluy\u00f3 una fuga solitaria del japon\u00e9s Sho Hatsuyama. El nip\u00f3n pedale\u00f3 solo unos 144 kil\u00f3metros hasta que fue neutralizado a 75 kil\u00f3metros de la meta.<\/p>\n<p>\u201cFue un d\u00eda f\u00e1cil porque hubo un solo corredor en la punta y no pas\u00f3 nada m\u00e1s\u201d, coment\u00f3 Roglic, de Jumbo-Visma. \u201cAunque hubo bastante viento y nervios al final. Mi equipo hizo un trabajo perfecto y termin\u00e9 sin problemas\u201d.<\/p>\n<p>El martes habr\u00e1 un tramo de 234 kil\u00f3metros entre Orbetello y Frascati, con una dura llegada en subida que podr\u00eda producir cambios en la clasificaci\u00f3n general.<\/p>\n<\/div>\n<aside class=\"RightRail\">\n<div id=\"div-gpt-ad-1461247613791-2\" class=\"DFPSlot\" data-key=\"ad-placeholder\" data-google-query-id=\"CKSfsqmSmeICFdR3wQodk-gDZQ\"><\/div>\n<\/aside>\n","protected":false},"excerpt":{"rendered":"<p>ORBETELLO, Italia (AP) \u2014 El colombiano Fernando Gaviria gan\u00f3 el lunes la tercera etapa del Giro de Italia tras la descalificaci\u00f3n de Elia Viviani, que hab\u00eda cruzado primero la meta en un embalaje masivo. El esloveno Primoz Roglic lleg\u00f3 con el pelot\u00f3n, con el mismo tiempo, y conserv\u00f3 la \u201cmaglia rossa\u201d de l\u00edder de la [&hellip;]<\/p>\n","protected":false},"author":9,"featured_media":53226,"comment_status":"closed","ping_status":"closed","sticky":false,"template":"","format":"standard","meta":[],"categories":[2,60],"tags":[],"acf":[],"_links":{"self":[{"href":"https:\/\/colimdo.org\/wp-api\/wp\/v2\/posts\/53225"}],"collection":[{"href":"https:\/\/colimdo.org\/wp-api\/wp\/v2\/posts"}],"about":[{"href":"https:\/\/colimdo.org\/wp-api\/wp\/v2\/types\/post"}],"author":[{"embeddable":true,"href":"https:\/\/colimdo.org\/wp-api\/wp\/v2\/users\/9"}],"replies":[{"embeddable":true,"href":"https:\/\/colimdo.org\/wp-api\/wp\/v2\/comments?post=53225"}],"version-history":[{"count":1,"href":"https:\/\/colimdo.org\/wp-api\/wp\/v2\/posts\/53225\/revisions"}],"predecessor-version":[{"id":53227,"href":"https:\/\/colimdo.org\/wp-api\/wp\/v2\/posts\/53225\/revisions\/53227"}],"wp:featuredmedia":[{"embeddable":true,"href":"https:\/\/colimdo.org\/wp-api\/wp\/v2\/media\/53226"}],"wp:attachment":[{"href":"https:\/\/colimdo.org\/wp-api\/wp\/v2\/media?parent=53225"}],"wp:term":[{"taxonomy":"category","embeddable":true,"href":"https:\/\/colimdo.org\/wp-api\/wp\/v2\/categories?post=53225"},{"taxonomy":"post_tag","embeddable":true,"href":"https:\/\/colimdo.org\/wp-api\/wp\/v2\/tags?post=53225"}],"curies":[{"name":"wp","href":"https:\/\/api.w.org\/{rel}","templated":true}]}}