{"id":53238,"date":"2019-05-13T19:38:38","date_gmt":"2019-05-13T19:38:38","guid":{"rendered":"https:\/\/colimdo.org\/?p=53238"},"modified":"2019-05-13T19:38:38","modified_gmt":"2019-05-13T19:38:38","slug":"atletas-clasificados-juegos-panamericanos-entran-al-albergue","status":"publish","type":"post","link":"https:\/\/colimdo.org\/noticias\/atletas-clasificados-juegos-panamericanos-entran-al-albergue\/","title":{"rendered":"Atletas clasificados a Juegos Panamericanos entran al Albergue"},"content":{"rendered":"<p class=\"m_-701977935337181009ydp7a1fd0f0MsoNoSpacing\"><b><span lang=\"ES-DO\">SANTO DOMINGO<\/span><\/b><span lang=\"ES-DO\">. \u201cEste es un proyecto de todos, que requiere de una log\u00edstica y una inversi\u00f3n\u201d. As\u00ed se refiri\u00f3 este lunes el licenciado Luis Mej\u00eda Oviedo, presidente del Comit\u00e9 Ol\u00edmpico Dominicano (COD), en el acto de entrada de los atletas clasificados a los Juegos Panamericanos en el Albergue Ol\u00edmpico.<\/span><\/p>\n<p class=\"m_-701977935337181009ydp7a1fd0f0MsoNoSpacing\"><span lang=\"ES-DO\">El presidente del COD exhort\u00f3 a los deportistas a cuidar la edificaci\u00f3n y anunci\u00f3 que durante la estad\u00eda, que se extender\u00e1 por algo m\u00e1s de dos meses hasta la partida hacia Lima, Per\u00fa, disfrutar\u00e1n de actividades recreativas y educativas.<\/span><\/p>\n<p class=\"m_-701977935337181009ydp7a1fd0f0MsoNoSpacing\"><span lang=\"ES-DO\">Mej\u00eda se\u00f1al\u00f3 adem\u00e1s que, concluida la permanencia de los atletas en el Albergue Ol\u00edmpico, se dar\u00e1 entrada tambi\u00e9n a los deportistas paral\u00edmpicos que tomar\u00e1n parte en los Juegos Parapanamericanos.<\/span><\/p>\n<p class=\"m_-701977935337181009ydp7a1fd0f0MsoNoSpacing\"><span lang=\"ES-DO\">Mientras, el ministro de Deportes, licenciado Danilo D\u00edaz Vizca\u00edno, se\u00f1al\u00f3 que, al acoger a las selecciones nacionales clasificadas a los Juegos Panamericanos, \u201ces un momento que marca la ruta hacia un objetivo, que es superar la actuaci\u00f3n de la Rep\u00fablica Dominicana en los Juegos Panamericanos de Toronto 2015\u201d.<\/span><\/p>\n<p class=\"m_-701977935337181009ydp7a1fd0f0MsoNoSpacing\"><span lang=\"ES-DO\">El funcionario dijo que los atletas disfrutar\u00e1n de las comodidades y una buena alimentaci\u00f3n, as\u00ed como una base de entrenamiento que \u201cdar\u00e1 el resultado de ir mejor preparados a Lima, como sucedi\u00f3 en los Centroamericanos de Barranquilla, Colombia\u201d.<\/span><\/p>\n<p class=\"m_-701977935337181009ydp7a1fd0f0MsoNoSpacing\"><span lang=\"ES-DO\">\u201cEs un esfuerzo conjunto que busca que los atletas se preparen en las mejores condiciones\u201d, agreg\u00f3 D\u00edaz Vizca\u00edno.<\/span><\/p>\n<p class=\"m_-701977935337181009ydp7a1fd0f0MsoNoSpacing\"><span lang=\"ES-DO\">En el acto, tambi\u00e9n intervino el ingeniero Garibaldi Bautista, Jefe de Misi\u00f3n de la delegaci\u00f3n, quien consider\u00f3 que el objetivo \u201ces elevar el nivel competitivo de los deportistas y retornar con \u00e9xito de Lima\u201d.<\/span><\/p>\n<p class=\"m_-701977935337181009ydp7a1fd0f0MsoNoSpacing\"><b><span lang=\"ES-DO\">INAPA DAR\u00c0 APOYO A LA DELEGACI\u00d2N<\/span><\/b><\/p>\n<p class=\"m_-701977935337181009ydp7a1fd0f0MsoNoSpacing\"><em><span lang=\"ES-DO\">El director ejecutivo del Instituto Nacional de Aguas Potables y Alcantarillados (INAPA), ingeniero<\/span><\/em><em><span lang=\"ES-DO\">Horacio<\/span><\/em><span lang=\"ES-DO\">\u00a0Emilio\u00a0<em>Mazara<\/em>\u00a0Lugo, anunci\u00f3 la entidad que dirige dar\u00e1 un apoyo sostenido para contribuir a la preparaci\u00f3n de la delegaci\u00f3n dominicana que representar\u00e1 al pa\u00eds en los Juegos Panamericanos de Lima, Per\u00fa.<\/span><\/p>\n<p class=\"m_-701977935337181009ydp7a1fd0f0MsoNoSpacing\"><span lang=\"ES-DO\">Presente en el acto, Mazara Lugo anunci\u00f3 que una comisi\u00f3n del INAPA har\u00e1 una evaluaci\u00f3n de las condiciones f\u00edsicas, sanitarias, el\u00e9ctricas y de alumbrado del Albergue Ol\u00edmpico.<\/span><\/p>\n<p class=\"m_-701977935337181009ydp7a1fd0f0MsoNoSpacing\"><span lang=\"ES-DO\">El funcionario tambi\u00e9n se ofreci\u00f3 para contribuir, a trav\u00e9s de un acuerdo con el COD y el Ministerio de Deportes, a contribuir con los gastos operativos del Albergue durante la estad\u00eda de los deportistas.<\/span><\/p>\n<p class=\"m_-701977935337181009ydp7a1fd0f0MsoNoSpacing\"><span lang=\"ES-TRAD\">Cerca de 200 atletas y oficiales ser\u00e1n llevados al Albergue Ol\u00edmpico para ofrecer las mejores condiciones a los atletas dominicanos que se preparan de cara a los Juegos de Lima 2019.<\/span><\/p>\n<p class=\"m_-701977935337181009ydp7a1fd0f0MsoNoSpacing\"><span lang=\"ES-TRAD\">Hasta el momento se contempla llevar al Albergue Ol\u00edmpico a atletas de las disciplina de atletismo, b\u00e1dminton, balonmano femenino, baloncesto 3&#215;3, boxeo, judo, lucha ol\u00edmpica, pentatl\u00f3n moderno, surf, taekwondo, tenis de mesa, triatl\u00f3n, vela y voleibol playa.<\/span><\/p>\n<p class=\"m_-701977935337181009ydp7a1fd0f0MsoNoSpacing\"><b><span lang=\"ES-TRAD\">COMISIONES DE TRABAJO<\/span><\/b><\/p>\n<p class=\"m_-701977935337181009ydp7a1fd0f0MsoNoSpacing\"><span lang=\"ES-TRAD\">La decisi\u00f3n de llevar a los deportistas al Albergue Ol\u00edmpico fue tomada de manera conjunta por el COD y el Ministerio de Deportes.<\/span><\/p>\n<p class=\"m_-701977935337181009ydp7a1fd0f0MsoNoSpacing\"><span lang=\"ES-DO\">Para el efectivo funcionamiento de los cerca de 200 atletas, t\u00e9cnicos y entrenadores en el Albergue, s<\/span><span lang=\"ES-TRAD\">e han designado una serie de Comisiones de Trabajo, tales como seguridad, a cargo del coronel Julio C\u00e9sar Hern\u00e1ndez Olivero; transporte, bajo la responsabilidad de Miguel Rivera; as\u00ed como la parte t\u00e9cnica, dirigida por Juan Febles y Tony Mesa, entre otras.<\/span><\/p>\n<p class=\"m_-701977935337181009ydp7a1fd0f0MsoNoSpacing\"><span lang=\"ES-TRAD\">El licenciado Gilberto Garc\u00eda, secretario general del COD, y el profesor Nelson Ram\u00edrez, estar\u00e1n supervisando el buen funcionamiento de las comisiones; el arquitecto Caonabo Castro, director operativo del Albergue Ol\u00edmpico, y el periodista Ram\u00f3n Rodr\u00edguez, director de prensa del organismo ol\u00edmpico.<\/span><\/p>\n<p class=\"m_-701977935337181009ydp7a1fd0f0MsoNoSpacing\"><span lang=\"ES-TRAD\">E<\/span><span lang=\"ES-DO\">l Albergue Ol\u00edmpico comenz\u00f3 a recibir atletas de las disciplinas de atletismo, b\u00e1dminton, balonmano femenino, baloncesto 3&#215;3, boxeo, judo, lucha ol\u00edmpica, pentatl\u00f3n moderno, surf, taekwondo, tenis de mesa, triatl\u00f3n, vela y voleibol playa.<\/span><\/p>\n","protected":false},"excerpt":{"rendered":"<p>SANTO DOMINGO. \u201cEste es un proyecto de todos, que requiere de una log\u00edstica y una inversi\u00f3n\u201d. As\u00ed se refiri\u00f3 este lunes el licenciado Luis Mej\u00eda Oviedo, presidente del Comit\u00e9 Ol\u00edmpico Dominicano (COD), en el acto de entrada de los atletas clasificados a los Juegos Panamericanos en el Albergue Ol\u00edmpico. El presidente del COD exhort\u00f3 a [&hellip;]<\/p>\n","protected":false},"author":9,"featured_media":53239,"comment_status":"closed","ping_status":"closed","sticky":false,"template":"","format":"standard","meta":[],"categories":[3,2,60],"tags":[],"acf":[],"_links":{"self":[{"href":"https:\/\/colimdo.org\/wp-api\/wp\/v2\/posts\/53238"}],"collection":[{"href":"https:\/\/colimdo.org\/wp-api\/wp\/v2\/posts"}],"about":[{"href":"https:\/\/colimdo.org\/wp-api\/wp\/v2\/types\/post"}],"author":[{"embeddable":true,"href":"https:\/\/colimdo.org\/wp-api\/wp\/v2\/users\/9"}],"replies":[{"embeddable":true,"href":"https:\/\/colimdo.org\/wp-api\/wp\/v2\/comments?post=53238"}],"version-history":[{"count":1,"href":"https:\/\/colimdo.org\/wp-api\/wp\/v2\/posts\/53238\/revisions"}],"predecessor-version":[{"id":53240,"href":"https:\/\/colimdo.org\/wp-api\/wp\/v2\/posts\/53238\/revisions\/53240"}],"wp:featuredmedia":[{"embeddable":true,"href":"https:\/\/colimdo.org\/wp-api\/wp\/v2\/media\/53239"}],"wp:attachment":[{"href":"https:\/\/colimdo.org\/wp-api\/wp\/v2\/media?parent=53238"}],"wp:term":[{"taxonomy":"category","embeddable":true,"href":"https:\/\/colimdo.org\/wp-api\/wp\/v2\/categories?post=53238"},{"taxonomy":"post_tag","embeddable":true,"href":"https:\/\/colimdo.org\/wp-api\/wp\/v2\/tags?post=53238"}],"curies":[{"name":"wp","href":"https:\/\/api.w.org\/{rel}","templated":true}]}}