{"id":53246,"date":"2019-05-14T00:05:27","date_gmt":"2019-05-14T00:05:27","guid":{"rendered":"https:\/\/colimdo.org\/?p=53246"},"modified":"2019-05-14T00:05:37","modified_gmt":"2019-05-14T00:05:37","slug":"descalifican-judoca-portugues-traer-celular-combate","status":"publish","type":"post","link":"https:\/\/colimdo.org\/noticias\/descalifican-judoca-portugues-traer-celular-combate\/","title":{"rendered":"Descalifican a judoca portugu\u00e9s por traer el celular durante combate"},"content":{"rendered":"<p><strong>EFE.<\/strong> El\u00a0tel\u00e9fono celular\u00a0le jug\u00f3 una mala pasada al deportista\u00a0Anri Egutidze\u00a0en el\u00a0Grand Slam de\u00a0judo\u00a0que se desarrolla estos d\u00edas en Bak\u00fa, Azerbaiy\u00e1n al caer sobre el tatami en pleno combate del portugu\u00e9s con el sueco\u00a0Robin Pacek.<\/p>\n<p>La ins\u00f3lita situaci\u00f3n, que le cost\u00f3 la\u00a0descalificaci\u00f3n\u00a0a Egutidze, ya se hizo viral en Internet. En el video que circula en las redes sociales se puede ver como en pleno duelo\u00a0un tel\u00e9fono cae de la vestimenta del portugu\u00e9s\u00a0y es recogido enseguida por su contrincante.<\/p>\n<p>Pacek\u00a0 intent\u00f3 devolver el dispositivo a su due\u00f1o, no sin antes mostr\u00e1rselo al \u00e1rbitro;\u00a0Anri Egutidze\u00a0reaccion\u00f3 con una mezcla de incredulidad y resignaci\u00f3n. El juez de la contienda tom\u00f3 la decisi\u00f3n de parar el combate para aclarar la situaci\u00f3n y descalific\u00f3 al\u00a0judoca portugu\u00e9s.<\/p>\n<p>Egutidze, de 23 a\u00f1os y origen georgiano, gan\u00f3 el Abierto Europeo que se celebr\u00f3 en Madrid en 2016 y fue subcampe\u00f3n en europeo junior en el campeonato celebrado en M\u00e1laga en 2016.<\/p>\n<p>El joven deportista tambi\u00e9n cuenta con otros logros como el tercer lugar en el Grand Prix de Marruecos y el segundo puesto en el Grand Prix de Tiflis.<\/p>\n<p>El\u00a0Grand Slam de Bak\u00fa\u00a0ha reunido en la capital azerbaiyana a 449 competidores de 57 pa\u00edses.<\/p>\n","protected":false},"excerpt":{"rendered":"<p>El hecho aconteci\u00f3 en el Grand Slam de judo que se desarrolla estos d\u00edas en Bak\u00fa, Azerbaiy\u00e1n, donde el atleta portugu\u00e9s Egutidze qued\u00f3 descalificado.<\/p>\n","protected":false},"author":13,"featured_media":53247,"comment_status":"closed","ping_status":"closed","sticky":false,"template":"","format":"standard","meta":[],"categories":[2,60],"tags":[],"acf":[],"_links":{"self":[{"href":"https:\/\/colimdo.org\/wp-api\/wp\/v2\/posts\/53246"}],"collection":[{"href":"https:\/\/colimdo.org\/wp-api\/wp\/v2\/posts"}],"about":[{"href":"https:\/\/colimdo.org\/wp-api\/wp\/v2\/types\/post"}],"author":[{"embeddable":true,"href":"https:\/\/colimdo.org\/wp-api\/wp\/v2\/users\/13"}],"replies":[{"embeddable":true,"href":"https:\/\/colimdo.org\/wp-api\/wp\/v2\/comments?post=53246"}],"version-history":[{"count":1,"href":"https:\/\/colimdo.org\/wp-api\/wp\/v2\/posts\/53246\/revisions"}],"predecessor-version":[{"id":53248,"href":"https:\/\/colimdo.org\/wp-api\/wp\/v2\/posts\/53246\/revisions\/53248"}],"wp:featuredmedia":[{"embeddable":true,"href":"https:\/\/colimdo.org\/wp-api\/wp\/v2\/media\/53247"}],"wp:attachment":[{"href":"https:\/\/colimdo.org\/wp-api\/wp\/v2\/media?parent=53246"}],"wp:term":[{"taxonomy":"category","embeddable":true,"href":"https:\/\/colimdo.org\/wp-api\/wp\/v2\/categories?post=53246"},{"taxonomy":"post_tag","embeddable":true,"href":"https:\/\/colimdo.org\/wp-api\/wp\/v2\/tags?post=53246"}],"curies":[{"name":"wp","href":"https:\/\/api.w.org\/{rel}","templated":true}]}}