{"id":53252,"date":"2019-05-14T02:30:45","date_gmt":"2019-05-14T02:30:45","guid":{"rendered":"https:\/\/colimdo.org\/?p=53252"},"modified":"2019-05-14T02:30:45","modified_gmt":"2019-05-14T02:30:45","slug":"comision-deporte-medio-ambiente-llama-la-preservacion-los-bosques-dia-del-arbol","status":"publish","type":"post","link":"https:\/\/colimdo.org\/noticias\/comision-deporte-medio-ambiente-llama-la-preservacion-los-bosques-dia-del-arbol\/","title":{"rendered":"Comisi\u00f3n de Deporte y Medio Ambiente llama a la preservaci\u00f3n de los bosques en el D\u00eda del \u00c1rbol"},"content":{"rendered":"<p>SANTO DOMINGO. Con motivo de la celebraci\u00f3n del D\u00eda Nacional del \u00c1rbol en la Rep\u00fablica Dominicana el pasado 05 del presente mes, la Comisi\u00f3n de Deporte y Medio Ambiente del Comit\u00e9 Ol\u00edmpico Dominicano (COD) hace un llamado a la conciencia sobre la tala indiscriminada de \u00e1rboles y resalta la importancia de la preservaci\u00f3n de los bosques para la sostenibilidad del medio ambiente.<\/p>\n<p>\u201cLas \u00e1reas naturales de bosques, garantizan\u00a0 la captaci\u00f3n de agua, por lo\u00a0 que cada caso de agresi\u00f3n ambiental, la tala, quema, corte no planificado de \u00e1rboles entre otros\u00a0 disminuyen la biodiversidad\u201d, \u00a0expresa la comisi\u00f3n que encabeza \u00a0Felicita Heredia, \u00a0como directora de la Comisi\u00f3n Deporte y Medio Ambiente.<\/p>\n<p>\u201dCada 5 de mayo, se celebra el D\u00eda del \u00c1rbol y en la actualidad nos encuentra en un estado\u00a0 de lucha permanente para conservar lo que nos queda de vegetaci\u00f3n y tomando medidas \u00a0para\u00a0 conservar el agua\u201d, expresa la comisi\u00f3n, que refleja el compromiso del COD con el medio ambiente, que es fundamental para el desarrollo de una vida sana, que es una de los pilares de lo que es el deporte.<\/p>\n<p>Lograr la preservaci\u00f3n de los bosques\u00a0 e incentivar\u00a0 la siembra de \u00e1rboles es un compromiso de vida que todos debemos cumplir con responsabilidad, concluye la Comisi\u00f3n Deporte y Medio Ambiente.<\/p>\n","protected":false},"excerpt":{"rendered":"<p>Los bosques son fundamentales en el desarrollo de un medio ambiente optimo para la vida humana.<\/p>\n","protected":false},"author":16,"featured_media":53255,"comment_status":"closed","ping_status":"closed","sticky":false,"template":"","format":"standard","meta":[],"categories":[2,60],"tags":[],"acf":[],"_links":{"self":[{"href":"https:\/\/colimdo.org\/wp-api\/wp\/v2\/posts\/53252"}],"collection":[{"href":"https:\/\/colimdo.org\/wp-api\/wp\/v2\/posts"}],"about":[{"href":"https:\/\/colimdo.org\/wp-api\/wp\/v2\/types\/post"}],"author":[{"embeddable":true,"href":"https:\/\/colimdo.org\/wp-api\/wp\/v2\/users\/16"}],"replies":[{"embeddable":true,"href":"https:\/\/colimdo.org\/wp-api\/wp\/v2\/comments?post=53252"}],"version-history":[{"count":1,"href":"https:\/\/colimdo.org\/wp-api\/wp\/v2\/posts\/53252\/revisions"}],"predecessor-version":[{"id":53256,"href":"https:\/\/colimdo.org\/wp-api\/wp\/v2\/posts\/53252\/revisions\/53256"}],"wp:featuredmedia":[{"embeddable":true,"href":"https:\/\/colimdo.org\/wp-api\/wp\/v2\/media\/53255"}],"wp:attachment":[{"href":"https:\/\/colimdo.org\/wp-api\/wp\/v2\/media?parent=53252"}],"wp:term":[{"taxonomy":"category","embeddable":true,"href":"https:\/\/colimdo.org\/wp-api\/wp\/v2\/categories?post=53252"},{"taxonomy":"post_tag","embeddable":true,"href":"https:\/\/colimdo.org\/wp-api\/wp\/v2\/tags?post=53252"}],"curies":[{"name":"wp","href":"https:\/\/api.w.org\/{rel}","templated":true}]}}