{"id":53257,"date":"2019-05-14T02:49:51","date_gmt":"2019-05-14T02:49:51","guid":{"rendered":"https:\/\/colimdo.org\/?p=53257"},"modified":"2019-05-14T02:49:51","modified_gmt":"2019-05-14T02:49:51","slug":"inauguran-pista-ciclismo-montana-acogera-campeonato-nacional-2019","status":"publish","type":"post","link":"https:\/\/colimdo.org\/noticias\/inauguran-pista-ciclismo-montana-acogera-campeonato-nacional-2019\/","title":{"rendered":"Inauguran pista para ciclismo de monta\u00f1a  que acoger\u00e1 campeonato nacional 2019"},"content":{"rendered":"<p class=\"x_MsoNormal\"><span lang=\"ES-MX\">Constanza.- La Comisi\u00f3n Dominicana de MTB de la Federaci\u00f3n Dominicana de Ciclismo, inaugur\u00f3 y present\u00f3 en este proyecto ecotur\u00edstico la pista que se utilizar\u00e1 para la competencia nacional de ciclismo de monta\u00f1a (MTB) correspondiente al a\u00f1o 2019 que se celebrar\u00e1 el pr\u00f3ximo domingo 16 de junio.<\/span><\/p>\n<p class=\"x_MsoNormal\"><span lang=\"ES-MX\">El acto lo encabez\u00f3 el\u00a0<\/span><span lang=\"ES-MX\">presidente de la Federaci\u00f3n Dominicana de Ciclismo, Jorge Blas, y el\u00a0<\/span><span lang=\"ES-MX\">director de la\u00a0<\/span><span lang=\"ES-MX\">Comisi\u00f3n Dominicana de MTB<\/span><span lang=\"ES-MX\">, Danilo Mirabal, quien ofreci\u00f3 los detalles de la competencia<\/span><span lang=\"ES-MX\">, agradeci\u00f3 a la familia Guzm\u00e1n su apoyo a este deporte \u00a0y present\u00f3 a los deportistas y empresas que fueron reconocidos por sus aportes y \u00e9xitos en el ciclismo de monta\u00f1a.<\/span><\/p>\n<p class=\"x_MsoNormal\"><span lang=\"ES-MX\">Mirabal inform\u00f3 que la competencia tendr\u00e1 21 categor\u00edas, incluyendo una infantil, y dijo que por primera vez, por el apoyo del proyecto Constanza Hills, la pista de la competencia est\u00e1 lista con un mes de anticipaci\u00f3n para que los competidores puedan hacer pr\u00e1cticas y familiarizarse con ella.<\/span><\/p>\n<p class=\"x_MsoNormal\"><span lang=\"ES-MX\">El promotor de Constanza Hills, Gustavo Guzm\u00e1n, dio las gracias a la Comisi\u00f3n por escoger esta propiedad tur\u00edstica en desarrollo para la competencia y explic\u00f3 que se trata de un proyecto ecotur\u00edstico con villas y un hotel boutique con diferentes facilidades que tiene como una de sus principales amenidades la pr\u00e1ctica de ciclismo de monta\u00f1a, e incluir\u00e1 un servicio de alquiler de bicicletas y equipos, tienda y un taller de mantenimiento.<\/span><\/p>\n<p class=\"x_MsoNormal\"><span lang=\"ES-MX\">En el acto se otorg\u00f3 un reconocimiento al deportista Joel Garc\u00eda, el primer dominicano en obtener una medalla (bronce) en el Campeonato Panamericano de Ciclismo de Monta\u00f1a celebrado recientemente en M\u00e9xico.<\/span><\/p>\n<p class=\"x_MsoNormal\"><span lang=\"ES-MX\">Junto a Mirabal estuvieron Eduardo del Orbe, tesorero de la comisi\u00f3n MTB, y Natanael Pe\u00f1a secretario. Tambi\u00e9n asistieron a la inauguraci\u00f3n de la pista MTB Rafael Placencio del Ministerio de Deportes en Constanza y Johnny Tactuck director municipal de Turismo.<\/span><\/p>\n<p class=\"x_MsoNormal\"><span lang=\"ES-MX\">Constanza Hills se encuentra junto a la carretera que conduce a Constanza, a la altura de La Cotorra a 4 km de Tireo y a 15 minutos del centro de la ciudad. En el \u00e1rea de acceso al complejo ecotur\u00edstico se iniciar\u00e1 en breve la construcci\u00f3n de un parador, restaurante, tienda, para apoyar las primeras 97 caba\u00f1as y el hotel boutique, y las facilidades para apoyar a los amantes del ciclismo de monta\u00f1a y el senderismo.<\/span><\/p>\n<p class=\"x_MsoNormal\"><span lang=\"ES-MX\">Adem\u00e1s de los medallistas Garc\u00eda, del Orbe, Pe\u00f1a, recibieron reconocimientos\u00a0 Luis Jos\u00e9 Cabral (como \u201cpadrino\u201d del ciclismo de monta\u00f1a), Waldo de la Mota, Gelfi Cruz, Francisco Valerio y el Hotel Alto Cerro y el Supermercado Econ\u00f3mico<\/span><\/p>\n","protected":false},"excerpt":{"rendered":"<p>El acto lo encabez\u00f3 el\u00a0presidente de la Federaci\u00f3n Dominicana de Ciclismo, Jorge Blas, y el\u00a0director de la\u00a0Comisi\u00f3n Dominicana de MTB, Danilo Mirabal,<\/p>\n","protected":false},"author":16,"featured_media":53258,"comment_status":"closed","ping_status":"closed","sticky":false,"template":"","format":"standard","meta":[],"categories":[2,60],"tags":[],"acf":[],"_links":{"self":[{"href":"https:\/\/colimdo.org\/wp-api\/wp\/v2\/posts\/53257"}],"collection":[{"href":"https:\/\/colimdo.org\/wp-api\/wp\/v2\/posts"}],"about":[{"href":"https:\/\/colimdo.org\/wp-api\/wp\/v2\/types\/post"}],"author":[{"embeddable":true,"href":"https:\/\/colimdo.org\/wp-api\/wp\/v2\/users\/16"}],"replies":[{"embeddable":true,"href":"https:\/\/colimdo.org\/wp-api\/wp\/v2\/comments?post=53257"}],"version-history":[{"count":1,"href":"https:\/\/colimdo.org\/wp-api\/wp\/v2\/posts\/53257\/revisions"}],"predecessor-version":[{"id":53259,"href":"https:\/\/colimdo.org\/wp-api\/wp\/v2\/posts\/53257\/revisions\/53259"}],"wp:featuredmedia":[{"embeddable":true,"href":"https:\/\/colimdo.org\/wp-api\/wp\/v2\/media\/53258"}],"wp:attachment":[{"href":"https:\/\/colimdo.org\/wp-api\/wp\/v2\/media?parent=53257"}],"wp:term":[{"taxonomy":"category","embeddable":true,"href":"https:\/\/colimdo.org\/wp-api\/wp\/v2\/categories?post=53257"},{"taxonomy":"post_tag","embeddable":true,"href":"https:\/\/colimdo.org\/wp-api\/wp\/v2\/tags?post=53257"}],"curies":[{"name":"wp","href":"https:\/\/api.w.org\/{rel}","templated":true}]}}