{"id":53260,"date":"2019-05-14T02:55:23","date_gmt":"2019-05-14T02:55:23","guid":{"rendered":"https:\/\/colimdo.org\/?p=53260"},"modified":"2019-05-14T03:02:57","modified_gmt":"2019-05-14T03:02:57","slug":"seleccion-canotaje-viaja-colombia-preparacion-lima-2019","status":"publish","type":"post","link":"https:\/\/colimdo.org\/noticias\/seleccion-canotaje-viaja-colombia-preparacion-lima-2019\/","title":{"rendered":"Selecci\u00f3n de canotaje viaja a Colombia en preparaci\u00f3n Lima 2019"},"content":{"rendered":"<p>Bonao.- La selecci\u00f3n dominicana de canotaje parti\u00f3 hacia la ciudad de Paypa, Colombia, para cumplir con una base de entrenamientos con miras a su participaci\u00f3n en los Juegos Panamericanos de Lima 2019.<\/p>\n<p>La Federaci\u00f3n Dominicana de Remo y Canotaje (Fedoreca) dio a conocer que los atletas Cristian Guerrero Garc\u00eda, Rafael Enr\u00edquez Feliz Abreu y Juan Alberto Placencia, as\u00ed como el entrenador cubano Julio C\u00e9sar M\u00e9ndez, partieron por el Aeropuerto Internacional de Las Am\u00e9ricas.<\/p>\n<p>Los deportistas, quienes aprovechar\u00e1n para realizar entrenamientos en altura, retornar\u00e1n el 27 de mayo venidero, y de inmediato el 2 de junio partir\u00e1n hacia M\u00e9xico a una base de entrenamiento en Cuenmaco por 10 d\u00edas, un viaje auspiciado por Panam Sport y la Confederaci\u00f3n Panamericana de Canotaje (Copac).<\/p>\n<p>El presidente de Fedoreca, el periodista Andr\u00e9s Osiris Tejeda Cess\u00e9, dijo en nota de prensa, que remo y canotaje completan su programa de entrenamientos para cumplir con una nueva cita del deporte dominicano los Juegos Panamericanos de Lima; al tiempo que agradeci\u00f3 al Ministerio de Deportes y al Comit\u00e9 Ol\u00edmpico Dominicano el apoyo brindado a la entidad.<\/p>\n<p>En los Panamericanos de Lima en canotaje estar\u00e1n en las competiciones de K-1 y K-2 masculino con los atletas Guerrero y Feliz Abreu en distancias de 1.000, 500 y 200 metros<\/p>\n<p>Hace apenas ocho d\u00edas, el d\u00fao dominicano de Cristian Guerrero Garc\u00eda y Rafael Feliz Abreu conquistaron la medalla de plata en la categor\u00eda K-2 1,000 metros durante el Campeonato Nacional Superior de Canotaje que se disput\u00f3 en La Habana, Cuba.<\/p>\n<p>En es oportunidad, la dupla nacional lleg\u00f3 hasta la propia meta disputando el primer lugar al d\u00fao cubano de Braulio Leal y Williams D\u00edaz, mientras que el tercer lugar fue para los tambi\u00e9n cubanos Daniel Mora y Orlando Noriega.<\/p>\n","protected":false},"excerpt":{"rendered":"<p>La Federaci\u00f3n Dominicana de Remo y Canotaje (Fedoreca) dio a conocer que los atletas Cristian Guerrero Garc\u00eda, Rafael Enr\u00edquez Feliz Abreu y Juan Alberto Placencia, as\u00ed como el entrenador cubano Julio C\u00e9sar M\u00e9ndez, partieron por el Aeropuerto Internacional de Las Am\u00e9ricas.<\/p>\n","protected":false},"author":16,"featured_media":53262,"comment_status":"closed","ping_status":"closed","sticky":false,"template":"","format":"standard","meta":[],"categories":[2,60],"tags":[],"acf":[],"_links":{"self":[{"href":"https:\/\/colimdo.org\/wp-api\/wp\/v2\/posts\/53260"}],"collection":[{"href":"https:\/\/colimdo.org\/wp-api\/wp\/v2\/posts"}],"about":[{"href":"https:\/\/colimdo.org\/wp-api\/wp\/v2\/types\/post"}],"author":[{"embeddable":true,"href":"https:\/\/colimdo.org\/wp-api\/wp\/v2\/users\/16"}],"replies":[{"embeddable":true,"href":"https:\/\/colimdo.org\/wp-api\/wp\/v2\/comments?post=53260"}],"version-history":[{"count":1,"href":"https:\/\/colimdo.org\/wp-api\/wp\/v2\/posts\/53260\/revisions"}],"predecessor-version":[{"id":53261,"href":"https:\/\/colimdo.org\/wp-api\/wp\/v2\/posts\/53260\/revisions\/53261"}],"wp:featuredmedia":[{"embeddable":true,"href":"https:\/\/colimdo.org\/wp-api\/wp\/v2\/media\/53262"}],"wp:attachment":[{"href":"https:\/\/colimdo.org\/wp-api\/wp\/v2\/media?parent=53260"}],"wp:term":[{"taxonomy":"category","embeddable":true,"href":"https:\/\/colimdo.org\/wp-api\/wp\/v2\/categories?post=53260"},{"taxonomy":"post_tag","embeddable":true,"href":"https:\/\/colimdo.org\/wp-api\/wp\/v2\/tags?post=53260"}],"curies":[{"name":"wp","href":"https:\/\/api.w.org\/{rel}","templated":true}]}}