{"id":53308,"date":"2019-05-14T15:40:55","date_gmt":"2019-05-14T15:40:55","guid":{"rendered":"https:\/\/colimdo.org\/?p=53308"},"modified":"2019-05-14T15:40:55","modified_gmt":"2019-05-14T15:40:55","slug":"gran-premio-holanda-formula-1-regresa-al-calendario-2020","status":"publish","type":"post","link":"https:\/\/colimdo.org\/noticias\/gran-premio-holanda-formula-1-regresa-al-calendario-2020\/","title":{"rendered":"Gran Premio de Holanda de F\u00f3rmula 1 regresa al calendario en 2020"},"content":{"rendered":"<p>ZANDVOORT, Holanda (AP) \u2014 El Gran Premio de Holanda regresar\u00e1 al calendario de F\u00f3rmula Uno el a\u00f1o pr\u00f3ximo por primera vez desde 1985.<\/p>\n<p>La pista de Zandvoort, en la costa holandesa, que fue escenario de 30 carreras de F1 entre 1952 y 1985, ser\u00e1 reconstruida en los pr\u00f3ximos meses.<\/p>\n<p>No qued\u00f3 claro a\u00fan d\u00f3nde quedar\u00e1 la carrera en el apretado calendario del campeonato, que tiene adem\u00e1s un nuevo Gran Premio en Vietnam confirmado para 2020, pero la organizadores de la F1 indicaron que Zandvoort realizar\u00e1 carreras hasta al menos el 2022,<\/p>\n<p>El piloto de Red Bull Max Verstappen, quien es holand\u00e9s, marcha tercero en la tabla del campeonato esta temporada y tiene muchos seguidores en Holanda.<\/p>\n<p>\u201cCon la popularidad de Max Verstappen estoy seguro de que habr\u00e1 muchos fan\u00e1ticos presentes\u201d, dijo el presidente de la FIA Jean Todt. \u201cSe necesita ahora mucha preparaci\u00f3n para que la pista tenga los est\u00e1ndares de seguridad requeridos para realizar una carrera de F\u00f3rmula Uno\u201d.<\/p>\n<p>El \u00faltimo piloto en ganar una carrera de F1 en Zandvoort fue Niki Lauda, entonces de McLaren y ahora ejecutivo de Mercedes.<\/p>\n","protected":false},"excerpt":{"rendered":"<p>ZANDVOORT, Holanda (AP) \u2014 El Gran Premio de Holanda regresar\u00e1 al calendario de F\u00f3rmula Uno el a\u00f1o pr\u00f3ximo por primera vez desde 1985. La pista de Zandvoort, en la costa holandesa, que fue escenario de 30 carreras de F1 entre 1952 y 1985, ser\u00e1 reconstruida en los pr\u00f3ximos meses. No qued\u00f3 claro a\u00fan d\u00f3nde quedar\u00e1 [&hellip;]<\/p>\n","protected":false},"author":9,"featured_media":53309,"comment_status":"closed","ping_status":"closed","sticky":false,"template":"","format":"standard","meta":[],"categories":[2,60],"tags":[],"acf":[],"_links":{"self":[{"href":"https:\/\/colimdo.org\/wp-api\/wp\/v2\/posts\/53308"}],"collection":[{"href":"https:\/\/colimdo.org\/wp-api\/wp\/v2\/posts"}],"about":[{"href":"https:\/\/colimdo.org\/wp-api\/wp\/v2\/types\/post"}],"author":[{"embeddable":true,"href":"https:\/\/colimdo.org\/wp-api\/wp\/v2\/users\/9"}],"replies":[{"embeddable":true,"href":"https:\/\/colimdo.org\/wp-api\/wp\/v2\/comments?post=53308"}],"version-history":[{"count":1,"href":"https:\/\/colimdo.org\/wp-api\/wp\/v2\/posts\/53308\/revisions"}],"predecessor-version":[{"id":53310,"href":"https:\/\/colimdo.org\/wp-api\/wp\/v2\/posts\/53308\/revisions\/53310"}],"wp:featuredmedia":[{"embeddable":true,"href":"https:\/\/colimdo.org\/wp-api\/wp\/v2\/media\/53309"}],"wp:attachment":[{"href":"https:\/\/colimdo.org\/wp-api\/wp\/v2\/media?parent=53308"}],"wp:term":[{"taxonomy":"category","embeddable":true,"href":"https:\/\/colimdo.org\/wp-api\/wp\/v2\/categories?post=53308"},{"taxonomy":"post_tag","embeddable":true,"href":"https:\/\/colimdo.org\/wp-api\/wp\/v2\/tags?post=53308"}],"curies":[{"name":"wp","href":"https:\/\/api.w.org\/{rel}","templated":true}]}}