{"id":53311,"date":"2019-05-14T15:57:06","date_gmt":"2019-05-14T15:57:06","guid":{"rendered":"https:\/\/colimdo.org\/?p=53311"},"modified":"2019-05-14T15:57:06","modified_gmt":"2019-05-14T15:57:06","slug":"urias-fue-arrestado-presunta-violencia-domestica","status":"publish","type":"post","link":"https:\/\/colimdo.org\/noticias\/urias-fue-arrestado-presunta-violencia-domestica\/","title":{"rendered":"Ur\u00edas fue arrestado por presunta violencia dom\u00e9stica"},"content":{"rendered":"<p>LOS \u00c1NGELES (AP) \u2014 El pitcher mexicano de los Dodgers Julio Ur\u00edas fue arrestado en una investigaci\u00f3n por un delito menor de violencia dom\u00e9stica, inform\u00f3 el martes la polic\u00eda de Los \u00c1ngeles.<\/p>\n<p>La portavoz del Departamento de Polic\u00eda de Los \u00c1ngeles, Norma Eisenman, dijo que Ur\u00edas fue arrestado a las 7.30 de la noche del lunes en un estacionamiento del centro comercial Beverly Center.<\/p>\n<p>No se dieron m\u00e1s detalles sobre el incidente.<\/p>\n<p>Tampoco se obtuvo una respuesta inmediata a correos electr\u00f3nicos en los que se pidi\u00f3 reacciones a los Dodgers y al agente que representa al zurdo de 22 a\u00f1os.<\/p>\n<p>Ur\u00edas cubri\u00f3 tres innings sin permitir carreras como relevista para acreditarse el segundo salvamento de su carrera la noche del viernes, para la victoria 5-0 de los Dodgers ante los Nacionales de Washington.<\/p>\n","protected":false},"excerpt":{"rendered":"<p>LOS \u00c1NGELES (AP) \u2014 El pitcher mexicano de los Dodgers Julio Ur\u00edas fue arrestado en una investigaci\u00f3n por un delito menor de violencia dom\u00e9stica, inform\u00f3 el martes la polic\u00eda de Los \u00c1ngeles. La portavoz del Departamento de Polic\u00eda de Los \u00c1ngeles, Norma Eisenman, dijo que Ur\u00edas fue arrestado a las 7.30 de la noche del [&hellip;]<\/p>\n","protected":false},"author":9,"featured_media":53312,"comment_status":"closed","ping_status":"closed","sticky":false,"template":"","format":"standard","meta":[],"categories":[2,60],"tags":[],"acf":[],"_links":{"self":[{"href":"https:\/\/colimdo.org\/wp-api\/wp\/v2\/posts\/53311"}],"collection":[{"href":"https:\/\/colimdo.org\/wp-api\/wp\/v2\/posts"}],"about":[{"href":"https:\/\/colimdo.org\/wp-api\/wp\/v2\/types\/post"}],"author":[{"embeddable":true,"href":"https:\/\/colimdo.org\/wp-api\/wp\/v2\/users\/9"}],"replies":[{"embeddable":true,"href":"https:\/\/colimdo.org\/wp-api\/wp\/v2\/comments?post=53311"}],"version-history":[{"count":1,"href":"https:\/\/colimdo.org\/wp-api\/wp\/v2\/posts\/53311\/revisions"}],"predecessor-version":[{"id":53313,"href":"https:\/\/colimdo.org\/wp-api\/wp\/v2\/posts\/53311\/revisions\/53313"}],"wp:featuredmedia":[{"embeddable":true,"href":"https:\/\/colimdo.org\/wp-api\/wp\/v2\/media\/53312"}],"wp:attachment":[{"href":"https:\/\/colimdo.org\/wp-api\/wp\/v2\/media?parent=53311"}],"wp:term":[{"taxonomy":"category","embeddable":true,"href":"https:\/\/colimdo.org\/wp-api\/wp\/v2\/categories?post=53311"},{"taxonomy":"post_tag","embeddable":true,"href":"https:\/\/colimdo.org\/wp-api\/wp\/v2\/tags?post=53311"}],"curies":[{"name":"wp","href":"https:\/\/api.w.org\/{rel}","templated":true}]}}