{"id":53314,"date":"2019-05-14T18:25:40","date_gmt":"2019-05-14T18:25:40","guid":{"rendered":"https:\/\/colimdo.org\/?p=53314"},"modified":"2019-05-14T18:25:40","modified_gmt":"2019-05-14T18:25:40","slug":"pozo-presidira-comite-organizador-del-basket-superior-valverde","status":"publish","type":"post","link":"https:\/\/colimdo.org\/noticias\/pozo-presidira-comite-organizador-del-basket-superior-valverde\/","title":{"rendered":"Pozo presidir\u00e1 el Comit\u00e9 Organizador del basket superior de Valverde"},"content":{"rendered":"<p style=\"font-weight: 400;\">La diputada \u00c1ngela Pozo presidir\u00e1 la presidencia del Comit\u00e9 Organizador del XII Torneo de Baloncesto Superior de la provincia Valverde (Mao).<\/p>\n<p style=\"font-weight: 400;\">La legisladora acept\u00f3 con humildad encabezar el Comit\u00e9 Organizador del certamen luego de la propuesta realizada por la directiva Asociaci\u00f3n de Baloncesto de la Provincia Valverde, que preside el veterano dirigente deportivo Ariel Guzm\u00e1n.<\/p>\n<p style=\"font-weight: 400;\">El propio Guzm\u00e1n fue quien la informaci\u00f3n sobre la designaci\u00f3n de la diputada Pozo, quien aspira a la nominaci\u00f3n por la Senadur\u00eda de Valverde.<\/p>\n<p style=\"font-weight: 400;\">Dijo que Pozo fue juramentada recientemente como presidenta del Comit\u00e9 Organizador, \u00a0en un acto realizado en La Home Drinking Club, y desde ya inici\u00f3 los trabajos del montaje de la justa que atrae a cientos de seguidores del baloncesto superior mae\u00f1o.<\/p>\n<p style=\"font-weight: 400;\">Destac\u00f3 que el evento tiene como fecha programada de inicio el viernes 19 de julio, a las 7:00 de la noche, en el polideportivo Mao \u201997.<\/p>\n<p style=\"font-weight: 400;\">Guzm\u00e1n valor\u00f3 la participaci\u00f3n de los combinados de San Antonio (vigente campe\u00f3n), Hatico, Crers y Tresi.<\/p>\n","protected":false},"excerpt":{"rendered":"<p>La diputada \u00c1ngela Pozo presidir\u00e1 la presidencia del Comit\u00e9 Organizador del XII Torneo de Baloncesto Superior de la provincia Valverde (Mao). La legisladora acept\u00f3 con humildad encabezar el Comit\u00e9 Organizador del certamen luego de la propuesta realizada por la directiva Asociaci\u00f3n de Baloncesto de la Provincia Valverde, que preside el veterano dirigente deportivo Ariel Guzm\u00e1n. [&hellip;]<\/p>\n","protected":false},"author":9,"featured_media":53315,"comment_status":"closed","ping_status":"closed","sticky":false,"template":"","format":"standard","meta":[],"categories":[2,60],"tags":[],"acf":[],"_links":{"self":[{"href":"https:\/\/colimdo.org\/wp-api\/wp\/v2\/posts\/53314"}],"collection":[{"href":"https:\/\/colimdo.org\/wp-api\/wp\/v2\/posts"}],"about":[{"href":"https:\/\/colimdo.org\/wp-api\/wp\/v2\/types\/post"}],"author":[{"embeddable":true,"href":"https:\/\/colimdo.org\/wp-api\/wp\/v2\/users\/9"}],"replies":[{"embeddable":true,"href":"https:\/\/colimdo.org\/wp-api\/wp\/v2\/comments?post=53314"}],"version-history":[{"count":1,"href":"https:\/\/colimdo.org\/wp-api\/wp\/v2\/posts\/53314\/revisions"}],"predecessor-version":[{"id":53316,"href":"https:\/\/colimdo.org\/wp-api\/wp\/v2\/posts\/53314\/revisions\/53316"}],"wp:featuredmedia":[{"embeddable":true,"href":"https:\/\/colimdo.org\/wp-api\/wp\/v2\/media\/53315"}],"wp:attachment":[{"href":"https:\/\/colimdo.org\/wp-api\/wp\/v2\/media?parent=53314"}],"wp:term":[{"taxonomy":"category","embeddable":true,"href":"https:\/\/colimdo.org\/wp-api\/wp\/v2\/categories?post=53314"},{"taxonomy":"post_tag","embeddable":true,"href":"https:\/\/colimdo.org\/wp-api\/wp\/v2\/tags?post=53314"}],"curies":[{"name":"wp","href":"https:\/\/api.w.org\/{rel}","templated":true}]}}