{"id":53320,"date":"2019-05-14T18:48:10","date_gmt":"2019-05-14T18:48:10","guid":{"rendered":"https:\/\/colimdo.org\/?p=53320"},"modified":"2019-05-14T18:36:25","modified_gmt":"2019-05-14T18:36:25","slug":"ecuatoriano-carapaz-gana-la-cuarta-etapa-del-giro-italia","status":"publish","type":"post","link":"https:\/\/colimdo.org\/noticias\/ecuatoriano-carapaz-gana-la-cuarta-etapa-del-giro-italia\/","title":{"rendered":"Ecuatoriano Carapaz gana la cuarta etapa del Giro de Italia"},"content":{"rendered":"<p>FRASCATI, Italia (AP) \u2014 El ecuatoriano Richard Carapaz domin\u00f3 el sprint final para ganar el martes la cuarta etapa del Giro de Italia, al tiempo que el esloveno Primoz Roglic retuvo la camiseta de l\u00edder general tras evitar una colisi\u00f3n al final de la ruta.<\/p>\n<p>Carapaz, del equipo Movistar, lanz\u00f3 su ataque temprano y aguant\u00f3 los embates de Caleb Ewan y Diego Ulissi en el cierre cuesta arriba del tramo de 235 kil\u00f3metros desde Orbetello hasta Frascati.<\/p>\n<p>Roglic fue el \u00fanico favorito importante en evitar un choque que dividi\u00f3 el pelot\u00f3n en los \u00faltimos seis kil\u00f3metros. El brit\u00e1nico Simon Yates y el italiano Vincenzo Nibali, segundo y tercero en la clasificaci\u00f3n general, se vieron trabados y llegaron casi 20 segundos despu\u00e9s de Roglic. El colombiano Miguel Angel L\u00f3pez tambi\u00e9n form\u00f3 parte de ese grupo y se mantiene cuarto en la general, a 44 segundos del l\u00edder.<\/p>\n<p>El ciclista de Jumbo-Visma ha lucido la camiseta rosa desde que gan\u00f3 la contrarreloj inicial el s\u00e1bado.<\/p>\n<p>La quinta etapa se correr\u00e1 el jueves en una ruta mayormente plana de 140 kil\u00f3metros de Frascati a Terracina.<\/p>\n<p>El Giro concluye en Verona el 2 de junio.<\/p>\n","protected":false},"excerpt":{"rendered":"<p>FRASCATI, Italia (AP) \u2014 El ecuatoriano Richard Carapaz domin\u00f3 el sprint final para ganar el martes la cuarta etapa del Giro de Italia, al tiempo que el esloveno Primoz Roglic retuvo la camiseta de l\u00edder general tras evitar una colisi\u00f3n al final de la ruta. Carapaz, del equipo Movistar, lanz\u00f3 su ataque temprano y aguant\u00f3 [&hellip;]<\/p>\n","protected":false},"author":9,"featured_media":53321,"comment_status":"closed","ping_status":"closed","sticky":false,"template":"","format":"standard","meta":[],"categories":[2,60],"tags":[],"acf":[],"_links":{"self":[{"href":"https:\/\/colimdo.org\/wp-api\/wp\/v2\/posts\/53320"}],"collection":[{"href":"https:\/\/colimdo.org\/wp-api\/wp\/v2\/posts"}],"about":[{"href":"https:\/\/colimdo.org\/wp-api\/wp\/v2\/types\/post"}],"author":[{"embeddable":true,"href":"https:\/\/colimdo.org\/wp-api\/wp\/v2\/users\/9"}],"replies":[{"embeddable":true,"href":"https:\/\/colimdo.org\/wp-api\/wp\/v2\/comments?post=53320"}],"version-history":[{"count":1,"href":"https:\/\/colimdo.org\/wp-api\/wp\/v2\/posts\/53320\/revisions"}],"predecessor-version":[{"id":53322,"href":"https:\/\/colimdo.org\/wp-api\/wp\/v2\/posts\/53320\/revisions\/53322"}],"wp:featuredmedia":[{"embeddable":true,"href":"https:\/\/colimdo.org\/wp-api\/wp\/v2\/media\/53321"}],"wp:attachment":[{"href":"https:\/\/colimdo.org\/wp-api\/wp\/v2\/media?parent=53320"}],"wp:term":[{"taxonomy":"category","embeddable":true,"href":"https:\/\/colimdo.org\/wp-api\/wp\/v2\/categories?post=53320"},{"taxonomy":"post_tag","embeddable":true,"href":"https:\/\/colimdo.org\/wp-api\/wp\/v2\/tags?post=53320"}],"curies":[{"name":"wp","href":"https:\/\/api.w.org\/{rel}","templated":true}]}}