{"id":53323,"date":"2019-05-14T19:08:48","date_gmt":"2019-05-14T19:08:48","guid":{"rendered":"https:\/\/colimdo.org\/?p=53323"},"modified":"2019-05-14T19:09:18","modified_gmt":"2019-05-14T19:09:18","slug":"fedogim-realiza-segunda-prueba-evaluativa-proyecto-panam-2022","status":"publish","type":"post","link":"https:\/\/colimdo.org\/noticias\/fedogim-realiza-segunda-prueba-evaluativa-proyecto-panam-2022\/","title":{"rendered":"Fedogim realiza segunda prueba evaluativa proyecto Panam 2022"},"content":{"rendered":"<p><strong>SANTO DOMINGO. <\/strong>La Federaci\u00f3n Dominicana de Gimnasia (Fedogim) realiz\u00f3 el domingo la segunda prueba evaluativa correspondiente al proyecto Panam 2022 en el Pabell\u00f3n de esa disciplina en el Parque del Este.<\/p>\n<p>En \u201cla Segunda Prueba Federativa de Gimnasia\u201d, los 32 mejores talentos de la gimnasia en la rama femenina exhibieron sus progresos desde que la Fedogim dio inicio al proyecto el pasado a\u00f1o.<\/p>\n<p>El programa de competencias estuvo en dos grupos. Las 16 integrantes del grupo B mostraron sus progresos en horas de la ma\u00f1ana, mientras que en la tarde fueron evaluadas las otras 16 del grupo A.<\/p>\n<p>Luego de entregaron los pergaminos de participaci\u00f3n en el certamen, el ingeniero Edwin Rodr\u00edguez, presidente de la Fedogim, tuvo palabras de motivaci\u00f3n para las atletas y les exhort\u00f3 a continuar avanzando en los diferentes aparatos.<\/p>\n<p>\u201cContamos con ustedes. En tres a\u00f1os podr\u00e1n estar listas para los pr\u00f3ximos Juegos Centroamericanos\u201d, agreg\u00f3 Rodr\u00edguez, quien se\u00f1al\u00f3 que el proyecto tiene un seguimiento directo con un personal t\u00e9cnico calificado.<\/p>\n<p>El presidente de la Fedogim manifest\u00f3 que, las atletas continuar\u00e1n trabajando en sus respectivos clubes y asociaciones, y que el siguiente paso ser\u00e1 la realizaci\u00f3n de un campamente en una fecha por designar.<\/p>\n<p>El objetivo, seg\u00fan se\u00f1al\u00f3 Rodr\u00edguez, es conformar un equipo que pueda competir en los Juegos Panamericanos Juveniles del 2021, Juegos Centroamericanos y del Caribe de 2022, Juegos Ol\u00edmpicos Juveniles de 2022 y Juegos Panamericanos de 2023, entre otros.<\/p>\n<p>En el encuentro, el licenciado Fernando Whyte, secretario general de la\u00a0Fedogim, exhort\u00f3 a las ni\u00f1as a mantener en alto el nivel competitivo, mientras que Belkys Gallardo, vicepresidenta, resalt\u00f3 la integraci\u00f3n y la cooperaci\u00f3n de los padres de las atletas.<\/p>\n<p>El cuerpo t\u00e9cnico est\u00e1 encabezado por Mery Luz Infante y Meinor Mej\u00eda, integrado adem\u00e1s por los entrenadores.<\/p>\n<p>El proyecto tiene el apoyo del Ministerio de Deportes, as\u00ed como un comit\u00e9 de apoyo para la captaci\u00f3n de recursos, el cual est\u00e1 integrado por un comit\u00e9 de padres, patrocinadores y la realizaci\u00f3n de actividades como campamentos, eventos y otros.<\/p>\n","protected":false},"excerpt":{"rendered":"<p>Las atletas, divididas en dos grupos de 16, exhibieron sus avances en la competencia federativa celebrada el domingo en el Pabell\u00f3n de Gimnasia del Parque del Este.<\/p>\n","protected":false},"author":13,"featured_media":53324,"comment_status":"closed","ping_status":"closed","sticky":false,"template":"","format":"standard","meta":[],"categories":[2,60],"tags":[],"acf":[],"_links":{"self":[{"href":"https:\/\/colimdo.org\/wp-api\/wp\/v2\/posts\/53323"}],"collection":[{"href":"https:\/\/colimdo.org\/wp-api\/wp\/v2\/posts"}],"about":[{"href":"https:\/\/colimdo.org\/wp-api\/wp\/v2\/types\/post"}],"author":[{"embeddable":true,"href":"https:\/\/colimdo.org\/wp-api\/wp\/v2\/users\/13"}],"replies":[{"embeddable":true,"href":"https:\/\/colimdo.org\/wp-api\/wp\/v2\/comments?post=53323"}],"version-history":[{"count":1,"href":"https:\/\/colimdo.org\/wp-api\/wp\/v2\/posts\/53323\/revisions"}],"predecessor-version":[{"id":53325,"href":"https:\/\/colimdo.org\/wp-api\/wp\/v2\/posts\/53323\/revisions\/53325"}],"wp:featuredmedia":[{"embeddable":true,"href":"https:\/\/colimdo.org\/wp-api\/wp\/v2\/media\/53324"}],"wp:attachment":[{"href":"https:\/\/colimdo.org\/wp-api\/wp\/v2\/media?parent=53323"}],"wp:term":[{"taxonomy":"category","embeddable":true,"href":"https:\/\/colimdo.org\/wp-api\/wp\/v2\/categories?post=53323"},{"taxonomy":"post_tag","embeddable":true,"href":"https:\/\/colimdo.org\/wp-api\/wp\/v2\/tags?post=53323"}],"curies":[{"name":"wp","href":"https:\/\/api.w.org\/{rel}","templated":true}]}}