{"id":53327,"date":"2019-05-14T23:24:31","date_gmt":"2019-05-14T23:24:31","guid":{"rendered":"https:\/\/colimdo.org\/?p=53327"},"modified":"2019-05-14T23:24:37","modified_gmt":"2019-05-14T23:24:37","slug":"puello-herrera-reelecto-comisionado-confederacion-beisbol-del-caribe","status":"publish","type":"post","link":"https:\/\/colimdo.org\/noticias\/puello-herrera-reelecto-comisionado-confederacion-beisbol-del-caribe\/","title":{"rendered":"Puello Herrera, reelecto Comisionado Confederaci\u00f3n B\u00e9isbol del Caribe"},"content":{"rendered":"<p><strong>Guaynabo, Puerto Rico<\/strong>. El licenciado Juan Francisco Puello Herrera fue reelecto como Comisionado de la Confederaci\u00f3n de B\u00e9isbol del Caribe (CBPC) en una asamblea realizada en el Museo del Deporte del a Isla del Encanto.<\/p>\n<p>De esta manera, Puello Herrera continuar\u00e1 con su labor en el m\u00e1ximo rector de las ligas invernales caribe\u00f1as como lo ha hecho por los pasados 28 a\u00f1os, como hab\u00eda declarado que estos cuatro a\u00f1os al concluir ser\u00e1n el colof\u00f3n de su carrera dentro de la CBPC.<\/p>\n<p>\u201cLa asamblea se llev\u00f3 a cabo en un ambiente de solidaridad y de total respeto entre los miembros de la CBPC\u201d, declar\u00f3 Puello Herrera.<\/p>\n<p>En la Asamblea, en donde estuvieron los presidentes de las diferentes ligas invernales y due\u00f1os de algunos de los equipos que juegan en ellas, tambi\u00e9n se present\u00f3 los avances que ha tenido MB Sports en la organizaci\u00f3n de la Serie del Caribe 2020.<\/p>\n","protected":false},"excerpt":{"rendered":"<p>El dominicano recibi\u00f3 este martes el voto de todas las ligas de b\u00e9isbol del Caribe para presidir por los pr\u00f3ximos cuatro a\u00f1os la entidad.<\/p>\n","protected":false},"author":13,"featured_media":53328,"comment_status":"closed","ping_status":"closed","sticky":false,"template":"","format":"standard","meta":[],"categories":[2,60],"tags":[],"acf":[],"_links":{"self":[{"href":"https:\/\/colimdo.org\/wp-api\/wp\/v2\/posts\/53327"}],"collection":[{"href":"https:\/\/colimdo.org\/wp-api\/wp\/v2\/posts"}],"about":[{"href":"https:\/\/colimdo.org\/wp-api\/wp\/v2\/types\/post"}],"author":[{"embeddable":true,"href":"https:\/\/colimdo.org\/wp-api\/wp\/v2\/users\/13"}],"replies":[{"embeddable":true,"href":"https:\/\/colimdo.org\/wp-api\/wp\/v2\/comments?post=53327"}],"version-history":[{"count":1,"href":"https:\/\/colimdo.org\/wp-api\/wp\/v2\/posts\/53327\/revisions"}],"predecessor-version":[{"id":53329,"href":"https:\/\/colimdo.org\/wp-api\/wp\/v2\/posts\/53327\/revisions\/53329"}],"wp:featuredmedia":[{"embeddable":true,"href":"https:\/\/colimdo.org\/wp-api\/wp\/v2\/media\/53328"}],"wp:attachment":[{"href":"https:\/\/colimdo.org\/wp-api\/wp\/v2\/media?parent=53327"}],"wp:term":[{"taxonomy":"category","embeddable":true,"href":"https:\/\/colimdo.org\/wp-api\/wp\/v2\/categories?post=53327"},{"taxonomy":"post_tag","embeddable":true,"href":"https:\/\/colimdo.org\/wp-api\/wp\/v2\/tags?post=53327"}],"curies":[{"name":"wp","href":"https:\/\/api.w.org\/{rel}","templated":true}]}}