{"id":53330,"date":"2019-05-15T00:50:09","date_gmt":"2019-05-15T00:50:09","guid":{"rendered":"https:\/\/colimdo.org\/?p=53330"},"modified":"2019-05-15T00:50:54","modified_gmt":"2019-05-15T00:50:54","slug":"arbitro-helpys-feliz-cuevas-estara-mundial-futbol-sub-20","status":"publish","type":"post","link":"https:\/\/colimdo.org\/noticias\/arbitro-helpys-feliz-cuevas-estara-mundial-futbol-sub-20\/","title":{"rendered":"\u00c1rbitro Helpys F\u00e9liz Cuevas estar\u00e1 en Mundial de F\u00fatbol Sub-20"},"content":{"rendered":"<p>SANTO DOMINGO.- El dominicano Helpys Raymundo F\u00e9liz Cuevas fue escogido por la Comisi\u00f3n de \u00c1rbitros de la FIFA para trabajar en la Copa Mundial de la FIFA Sub-20, Polonia 2019.<\/p>\n<p>F\u00e9liz Cuevas estar\u00e1 entre los 21 \u00e1rbitros y 21 asistentes de v\u00eddeo de las 5 confederaciones, encargados de dirigir los partidos de la cita mundial.<\/p>\n<p>Es la primera designaci\u00f3n a un Mundial Sub-20 para un \u00e1rbitro asistente dominicano. El pa\u00eds ha contado con presencia de sus \u00e1rbitros en mundiales Sub-17 masculino, Sub-17 femenino, y de F\u00fatbol Playa.<\/p>\n<p>Entre los \u00faltimos eventos en los que F\u00e9liz Cuevas ha participado est\u00e1n: Liga de Naciones, 8vos y 4tos de finales de la Liga de Campeones de Concacaf y el Premundial Sub17.<\/p>\n<p>F\u00e9liz Cuevas ha agotado un proceso de preparaci\u00f3n para el evento que incluye el curso TIER II realizado en marzo y el seminario Copa Oro completado en el pasado mes de abril.<\/p>\n<p>Para concluir con su preparaci\u00f3n partir\u00e1 esta semana hacia Polonia, donde ser\u00e1 parte de la concentraci\u00f3n pre mundialista, que incluir\u00e1 un seminario impartido por la\u00a0Subdivisi\u00f3n de Arbitraje de la FIFA.<\/p>\n<p>La edici\u00f3n\u00a0\u00a022 de la Copa Mundial de F\u00fatbol Sub-20 se realizar\u00e1 entre el 23 de mayo y el 15 de junio en varias ciudades de Polonia.<\/p>\n","protected":false},"excerpt":{"rendered":"<p>El dominicano estar\u00e1 entre los 21 \u00e1rbitros y 21 asistentes de v\u00eddeo de las 5 confederaciones, encargados de dirigir los partidos de la cita mundial.<\/p>\n","protected":false},"author":13,"featured_media":53331,"comment_status":"closed","ping_status":"closed","sticky":false,"template":"","format":"standard","meta":[],"categories":[2,60],"tags":[],"acf":[],"_links":{"self":[{"href":"https:\/\/colimdo.org\/wp-api\/wp\/v2\/posts\/53330"}],"collection":[{"href":"https:\/\/colimdo.org\/wp-api\/wp\/v2\/posts"}],"about":[{"href":"https:\/\/colimdo.org\/wp-api\/wp\/v2\/types\/post"}],"author":[{"embeddable":true,"href":"https:\/\/colimdo.org\/wp-api\/wp\/v2\/users\/13"}],"replies":[{"embeddable":true,"href":"https:\/\/colimdo.org\/wp-api\/wp\/v2\/comments?post=53330"}],"version-history":[{"count":1,"href":"https:\/\/colimdo.org\/wp-api\/wp\/v2\/posts\/53330\/revisions"}],"predecessor-version":[{"id":53332,"href":"https:\/\/colimdo.org\/wp-api\/wp\/v2\/posts\/53330\/revisions\/53332"}],"wp:featuredmedia":[{"embeddable":true,"href":"https:\/\/colimdo.org\/wp-api\/wp\/v2\/media\/53331"}],"wp:attachment":[{"href":"https:\/\/colimdo.org\/wp-api\/wp\/v2\/media?parent=53330"}],"wp:term":[{"taxonomy":"category","embeddable":true,"href":"https:\/\/colimdo.org\/wp-api\/wp\/v2\/categories?post=53330"},{"taxonomy":"post_tag","embeddable":true,"href":"https:\/\/colimdo.org\/wp-api\/wp\/v2\/tags?post=53330"}],"curies":[{"name":"wp","href":"https:\/\/api.w.org\/{rel}","templated":true}]}}