{"id":53334,"date":"2019-05-15T02:35:08","date_gmt":"2019-05-15T02:35:08","guid":{"rendered":"https:\/\/colimdo.org\/?p=53334"},"modified":"2019-05-15T02:35:32","modified_gmt":"2019-05-15T02:35:32","slug":"nadador-mas-destacado-peru-cree-no-estara-los-panam-lima","status":"publish","type":"post","link":"https:\/\/colimdo.org\/noticias\/nadador-mas-destacado-peru-cree-no-estara-los-panam-lima\/","title":{"rendered":"El nadador m\u00e1s destacado de Per\u00fa cree que no estar\u00e1 en los Panamericanos de Lima"},"content":{"rendered":"<p class=\"canvas-atom canvas-text Mb(1.0em) Mb(0)--sm Mt(0.8em)--sm\">Lima, 14 may (EFE).- El nadador peruano Mauricio Fiol, el m\u00e1s destacado de su pa\u00eds, denunci\u00f3 que la Federaci\u00f3n Deportiva Peruana de Nataci\u00f3n no va a inscribirle en los Juegos Panamericanos de Lima 2019 para los 100 y 200 metros mariposa, su especialidad, en la que ostenta el r\u00e9cord nacional en ambas distancias.<\/p>\n<p class=\"canvas-atom canvas-text Mb(1.0em) Mb(0)--sm Mt(0.8em)--sm\">Fiol, que reaparecer\u00e1 en los Panamericanos tras cumplir cuatro a\u00f1os de suspensi\u00f3n por dopaje, afirm\u00f3 que la intenci\u00f3n de la federaci\u00f3n es inscribirlo en aquellas pruebas donde Per\u00fa no tenga representaci\u00f3n.<\/p>\n<p class=\"canvas-atom canvas-text Mb(1.0em) Mb(0)--sm Mt(0.8em)--sm\">El nadador reconoci\u00f3 en un v\u00eddeo publicado en redes sociales que el selectivo de la federaci\u00f3n para los 100 y 200 metros mariposa se dio entre el 25 y 28 de abril, tiempo en el que todav\u00eda estaba suspendido, pero precis\u00f3 que el pa\u00eds anfitri\u00f3n &#8220;tiene el derecho de inscribir a sus atletas sin esa prueba previa&#8221;.<\/p>\n<p class=\"canvas-atom canvas-text Mb(1.0em) Mb(0)--sm Mt(0.8em)--sm\">&#8220;Tengo los r\u00e9cords nacionales en 100 y 200 metros mariposa y hoy estoy superando en los entrenamientos esas marcas. Los tiempos que estoy logrando son mejores que el r\u00e9cord nacional y mucho mejores que los tiempos logrados en el selectivo para estos Panamericanos&#8221;, asegur\u00f3 Fiol.<\/p>\n<p class=\"canvas-atom canvas-text Mb(1.0em) Mb(0)--sm Mt(0.8em)--sm\">El deportista tiene el r\u00e9cord de los 100 mariposa con 52 segundos y 91 cent\u00e9simas, y el de los 200 mariposa en 1 minuto, 58 segundos y 29 cent\u00e9simas.<\/p>\n<p class=\"canvas-atom canvas-text Mb(1.0em) Mb(0)--sm Mt(0.8em)--sm\">Durante el selectivo de la Federaci\u00f3n Peruana de Nataci\u00f3n, Javier Antonio Tang consigui\u00f3 la marca m\u00ednima para los Panamericanos en los 100 metros mariposa con un tiempo de 56.82, y Luis Alexander V\u00edlchez hizo lo propio en los 200 metros mariposa con 2:03.98.<\/p>\n<p class=\"canvas-atom canvas-text Mb(1.0em) Mb(0)--sm Mt(0.8em)--sm\">Fiol est\u00e1 convencido de que tiene &#8220;grandes posibilidades de ganar medalla&#8221; en los Panamericanos de Lima 2019 en ambas disciplinas y as\u00ed &#8220;dejar en alto el nombre de Per\u00fa&#8221;.<\/p>\n<p class=\"canvas-atom canvas-text Mb(1.0em) Mb(0)--sm Mt(0.8em)--sm\">El peruano ya consigui\u00f3 la medalla de plata en los pasados Juegos de Toronto 2015, la misma que le fue despojada al dar positivo para estanozolol, un anabolizante prohibido por la Agencia Mundial Antidopaje porque aumenta la musculatura y reduce la fatiga.<\/p>\n<p class=\"canvas-atom canvas-text Mb(1.0em) Mb(0)--sm Mt(0.8em)--sm\">La suspensi\u00f3n de Fiol culmina el 11 de julio, solo 15 d\u00edas antes de la inauguraci\u00f3n de los Juegos y unas 3 semanas antes de que comiencen las pruebas de nataci\u00f3n.<\/p>\n<p class=\"canvas-atom canvas-text Mb(1.0em) Mb(0)--sm Mt(0.8em)--sm\">El plazo de inscripci\u00f3n de las disciplinas de nataci\u00f3n culmina el 26 de mayo, por lo que la Federaci\u00f3n Peruana de Nataci\u00f3n solicit\u00f3 a la Federaci\u00f3n Internacional de Nataci\u00f3n (FINA) que le permitiese su inscripci\u00f3n en la competencia a pesar de estar todav\u00eda dentro del per\u00edodo de castigo.<\/p>\n","protected":false},"excerpt":{"rendered":"<p>El nadador peruano Mauricio Fiol, el m\u00e1s destacado de su pa\u00eds, denunci\u00f3 que la Federaci\u00f3n Deportiva Peruana de Nataci\u00f3n no va a inscribirle en los Juegos Panamericanos de Lima 2019 para los 100 y 200 metros mariposa, su especialidad, en la que ostenta el r\u00e9cord nacional en ambas distancias.<\/p>\n","protected":false},"author":16,"featured_media":53335,"comment_status":"closed","ping_status":"closed","sticky":false,"template":"","format":"standard","meta":[],"categories":[2,60],"tags":[],"acf":[],"_links":{"self":[{"href":"https:\/\/colimdo.org\/wp-api\/wp\/v2\/posts\/53334"}],"collection":[{"href":"https:\/\/colimdo.org\/wp-api\/wp\/v2\/posts"}],"about":[{"href":"https:\/\/colimdo.org\/wp-api\/wp\/v2\/types\/post"}],"author":[{"embeddable":true,"href":"https:\/\/colimdo.org\/wp-api\/wp\/v2\/users\/16"}],"replies":[{"embeddable":true,"href":"https:\/\/colimdo.org\/wp-api\/wp\/v2\/comments?post=53334"}],"version-history":[{"count":2,"href":"https:\/\/colimdo.org\/wp-api\/wp\/v2\/posts\/53334\/revisions"}],"predecessor-version":[{"id":53337,"href":"https:\/\/colimdo.org\/wp-api\/wp\/v2\/posts\/53334\/revisions\/53337"}],"wp:featuredmedia":[{"embeddable":true,"href":"https:\/\/colimdo.org\/wp-api\/wp\/v2\/media\/53335"}],"wp:attachment":[{"href":"https:\/\/colimdo.org\/wp-api\/wp\/v2\/media?parent=53334"}],"wp:term":[{"taxonomy":"category","embeddable":true,"href":"https:\/\/colimdo.org\/wp-api\/wp\/v2\/categories?post=53334"},{"taxonomy":"post_tag","embeddable":true,"href":"https:\/\/colimdo.org\/wp-api\/wp\/v2\/tags?post=53334"}],"curies":[{"name":"wp","href":"https:\/\/api.w.org\/{rel}","templated":true}]}}