{"id":53359,"date":"2019-05-15T03:36:03","date_gmt":"2019-05-15T03:36:03","guid":{"rendered":"https:\/\/colimdo.org\/?p=53359"},"modified":"2019-05-15T03:36:03","modified_gmt":"2019-05-15T03:36:03","slug":"copa-esmeralda-boxeo-dedicada-la-lucha-trabajo-infantil","status":"publish","type":"post","link":"https:\/\/colimdo.org\/noticias\/copa-esmeralda-boxeo-dedicada-la-lucha-trabajo-infantil\/","title":{"rendered":"Copa Esmeralda de Boxeo  Dedicada a la lucha contra el trabajo infantil"},"content":{"rendered":"<p class=\"x_MsoNormal\">SANTO DOMINGO. La Copa Esmeralda de Boxeo, a celebrarse en Monte Plata a partir del 31 de este mes, estar\u00e1 dedicada a la prevenci\u00f3n y erradicaci\u00f3n del trabajo infantil.<br \/>\nLa informaci\u00f3n la ofreci\u00f3 el presidente del Comit\u00e9 Organizador, doctor Winston Santos, actual ministro de Trabajo de la Rep\u00fablica Dominicana.<br \/>\n\u201cEsto se discuti\u00f3 en el seno del comit\u00e9 organizador y fue aprobado de forma un\u00e1nime\u201d, dijo.<br \/>\nLa Copa Esmeralda, en su versi\u00f3n n\u00famero cuatro, reunir\u00e1 boxeadores en edades escolares de todas las regiones de la Rep\u00fablica Dominicana, incluido el Distrito Nacional y la provincia Santo Domingo, conformando la Zona Metropolitana, as\u00ed como a Puerto Rico en calidad de pa\u00eds invitado.<br \/>\n\u201cSe est\u00e1 trabajando intensamente en procura un gran evento, tanto en lo competitivo como en lo organizativo\u201d, a\u00f1adi\u00f3.<br \/>\nLa Copa, adem\u00e1s, servir\u00e1 de boxeo a los participantes dominicanos en ruta a los Juegos Deportivos Nacionales Escolares, a celebrarse este a\u00f1o en la provincia Monte Plata, bajo la responsabilidad del Ministerio de Educaci\u00f3n.<br \/>\nEl doctor Santos preside un comit\u00e9 del que forman parte destacadas figuras de Monte Plata, en coordinaci\u00f3n con la Asociaci\u00f3n de Boxeo de llamada provincia esmeralda y ol\u00edmpica, que preside el periodista Primitivo Cadete y el aval de la Federaci\u00f3n Dominicana de Boxeo, presidida por Juan Vargas.<br \/>\nEntre los miembros del comit\u00e9 organizador se resalta a Carmen Leyda Mora, vice ministra de Obras P\u00fablicas; Mart\u00edn Zapata, viceministra de Haciendo; Sof\u00eda Azcona, vice ministra de Trabajo; el empresario Carlos Silie, Roberto Peguero, funcionario de Salud P\u00fablica; Geraldo Pia y Randy Cadete, quien funge como director ejecutivo.<\/p>\n<p class=\"x_MsoNormal\">Se recuerda que la edici\u00f3n anterior de la Copa Esmeralda fue dedicada a la preservaci\u00f3n del medio ambiente.<\/p>\n","protected":false},"excerpt":{"rendered":"<p> La Copa Esmeralda de Boxeo, a celebrarse en Monte Plata a partir del 31 de este mes, estar\u00e1 dedicada a la prevenci\u00f3n y erradicaci\u00f3n del trabajo infantil.<\/p>\n","protected":false},"author":16,"featured_media":53360,"comment_status":"closed","ping_status":"closed","sticky":false,"template":"","format":"standard","meta":[],"categories":[2,60],"tags":[],"acf":[],"_links":{"self":[{"href":"https:\/\/colimdo.org\/wp-api\/wp\/v2\/posts\/53359"}],"collection":[{"href":"https:\/\/colimdo.org\/wp-api\/wp\/v2\/posts"}],"about":[{"href":"https:\/\/colimdo.org\/wp-api\/wp\/v2\/types\/post"}],"author":[{"embeddable":true,"href":"https:\/\/colimdo.org\/wp-api\/wp\/v2\/users\/16"}],"replies":[{"embeddable":true,"href":"https:\/\/colimdo.org\/wp-api\/wp\/v2\/comments?post=53359"}],"version-history":[{"count":1,"href":"https:\/\/colimdo.org\/wp-api\/wp\/v2\/posts\/53359\/revisions"}],"predecessor-version":[{"id":53361,"href":"https:\/\/colimdo.org\/wp-api\/wp\/v2\/posts\/53359\/revisions\/53361"}],"wp:featuredmedia":[{"embeddable":true,"href":"https:\/\/colimdo.org\/wp-api\/wp\/v2\/media\/53360"}],"wp:attachment":[{"href":"https:\/\/colimdo.org\/wp-api\/wp\/v2\/media?parent=53359"}],"wp:term":[{"taxonomy":"category","embeddable":true,"href":"https:\/\/colimdo.org\/wp-api\/wp\/v2\/categories?post=53359"},{"taxonomy":"post_tag","embeddable":true,"href":"https:\/\/colimdo.org\/wp-api\/wp\/v2\/tags?post=53359"}],"curies":[{"name":"wp","href":"https:\/\/api.w.org\/{rel}","templated":true}]}}