{"id":53387,"date":"2019-05-15T13:22:16","date_gmt":"2019-05-15T13:22:16","guid":{"rendered":"https:\/\/colimdo.org\/?p=53387"},"modified":"2019-05-15T12:57:28","modified_gmt":"2019-05-15T12:57:28","slug":"fanaticos-recibiran-mejores-servicios-superior-abadina","status":"publish","type":"post","link":"https:\/\/colimdo.org\/noticias\/fanaticos-recibiran-mejores-servicios-superior-abadina\/","title":{"rendered":"Fan\u00e1ticos recibir\u00e1n mejores servicios en superior de Abadina"},"content":{"rendered":"<p>El Comit\u00e9 Organizador del Torneo de Baloncesto Superior del Distrito Nacional (TBS Distrito 2019) que preside el ministro administrativo de la Presidencia, Jos\u00e9 Ram\u00f3n Peralta, aprob\u00f3 hoy la venta de asientos ubicados en lugares \u201cespeciales\u201d en tabloncillo, para los fan\u00e1ticos abonados en el evento que inicia el pr\u00f3ximo 5 de junio.<\/p>\n<p>El paquete para los que opten por ser abonados en el reparado Palacio de los Deportes \u201cVirgilio Travieso Soto\u201d, incluir\u00e1 servicios personalizados para adquirir bebidas y alimentos, sin tener que pararse de sus \u201cc\u00f3modos y bien ubicados asientos\u201d.<\/p>\n<p>La medida fue adoptada ante m\u00faltiples peticiones realizadas por fan\u00e1ticos.<\/p>\n<p>De igual forma, el CO del TBS Distrito 2019, en coordinaci\u00f3n con los clubes participantes: Mauricio B\u00e1ez, San Carlos, San Lazaro, Rafael Barias, Los Prados, Bameso, Huellas del Siglo y El Mill\u00f3n, fijaron el precio de dos mil pesos el pago para que los fan\u00e1ticos compren sus abonos por toda la serie regular que incluye 20 fechas y un total de 40 partidos.<\/p>\n","protected":false},"excerpt":{"rendered":"<p>El Comit\u00e9 Organizador del Torneo de Baloncesto Superior del Distrito Nacional (TBS Distrito 2019) que preside el ministro administrativo de la Presidencia, Jos\u00e9 Ram\u00f3n Peralta, aprob\u00f3 hoy la venta de asientos ubicados en lugares \u201cespeciales\u201d en tabloncillo, para los fan\u00e1ticos abonados en el evento que inicia el pr\u00f3ximo 5 de junio. El paquete para los [&hellip;]<\/p>\n","protected":false},"author":9,"featured_media":53388,"comment_status":"closed","ping_status":"closed","sticky":false,"template":"","format":"standard","meta":[],"categories":[2,60],"tags":[],"acf":[],"_links":{"self":[{"href":"https:\/\/colimdo.org\/wp-api\/wp\/v2\/posts\/53387"}],"collection":[{"href":"https:\/\/colimdo.org\/wp-api\/wp\/v2\/posts"}],"about":[{"href":"https:\/\/colimdo.org\/wp-api\/wp\/v2\/types\/post"}],"author":[{"embeddable":true,"href":"https:\/\/colimdo.org\/wp-api\/wp\/v2\/users\/9"}],"replies":[{"embeddable":true,"href":"https:\/\/colimdo.org\/wp-api\/wp\/v2\/comments?post=53387"}],"version-history":[{"count":1,"href":"https:\/\/colimdo.org\/wp-api\/wp\/v2\/posts\/53387\/revisions"}],"predecessor-version":[{"id":53389,"href":"https:\/\/colimdo.org\/wp-api\/wp\/v2\/posts\/53387\/revisions\/53389"}],"wp:featuredmedia":[{"embeddable":true,"href":"https:\/\/colimdo.org\/wp-api\/wp\/v2\/media\/53388"}],"wp:attachment":[{"href":"https:\/\/colimdo.org\/wp-api\/wp\/v2\/media?parent=53387"}],"wp:term":[{"taxonomy":"category","embeddable":true,"href":"https:\/\/colimdo.org\/wp-api\/wp\/v2\/categories?post=53387"},{"taxonomy":"post_tag","embeddable":true,"href":"https:\/\/colimdo.org\/wp-api\/wp\/v2\/tags?post=53387"}],"curies":[{"name":"wp","href":"https:\/\/api.w.org\/{rel}","templated":true}]}}