{"id":53397,"date":"2019-05-15T13:54:13","date_gmt":"2019-05-15T13:54:13","guid":{"rendered":"https:\/\/colimdo.org\/?p=53397"},"modified":"2019-05-15T13:54:13","modified_gmt":"2019-05-15T13:54:13","slug":"puello-herrera-prevalecio-bien-comun-respeto-la-cordura","status":"publish","type":"post","link":"https:\/\/colimdo.org\/noticias\/puello-herrera-prevalecio-bien-comun-respeto-la-cordura\/","title":{"rendered":"Puello Herrera: \u201cPrevaleci\u00f3 el bien com\u00fan, el respeto y la cordura&#8221;"},"content":{"rendered":"<p>Juan Francisco Puello\u00a0fue reelecto por unanimidad como comisionado de la\u00a0Confederaci\u00f3n de B\u00e9isbol del Caribe\u00a0durante la asamblea celebrada ayer el\u00a0Museo del Deporte\u00a0de\u00a0Guaynabo.<\/p>\n<p>Puello, quien lleva 28 a\u00f1os en el principal puesto del organismo beisbolero, recibi\u00f3 el favor de los miembros del gremio, enti\u00e9ndase Puerto Rico, Rep\u00fablica Dominicana, Venezuela y M\u00e9xico.<\/p>\n<p>\u201cPrevaleci\u00f3 el bien com\u00fan, el respeto y la cordura. Como buenos hermanos latinoamericanos\u00a0 se entendi\u00f3 lo que se ten\u00eda que entender. Es un trabajo de todos. Agradezco la muestra de solidaridad que tuve en esta asamblea\u201d, dijo Puello minutos despu\u00e9s de su reelecci\u00f3n.<\/p>\n<p>El abogado dominicano estar\u00e1 al mando de la Confederaci\u00f3n hasta el 2023.<\/p>\n<div class=\"content-block article-body-block\">\n<p>Puello reiter\u00f3 que esta ser\u00e1 su \u00faltima incumbencia como comisionado, pues planifica retirarse al finalizar su nuevo t\u00e9rmino.<\/p>\n<p>\u201cYa es tiempo de pensar en un relevo. Quiero concluir mi colof\u00f3n ah\u00ed con unos planes que hay para desarrollarlo y todos se pusieron a mi disposici\u00f3n para lograr eso que es lo m\u00e1s importante\u201d.<\/p>\n<p>Hace unas semanas surgi\u00f3 un movimiento dirigido por la Liga Mexicana del Pac\u00edfico para evitar la reelecci\u00f3n de Puello. Al mismo se uni\u00f3 la Liga de B\u00e9isbol de Dominicana.<\/p>\n<p>Pero al final los directivos mexicanos y dominicanos le dieron el voto.<\/p>\n<p>Por otro lado, durante la asamblea se hizo una presentaci\u00f3n sobre los planes organizativos de la pr\u00f3xima Serie del Caribe que habr\u00e1 de celebrarse en San Juan.<\/p>\n<p>Durante la reuni\u00f3n la empresa MB Sports -encargada de la organizaci\u00f3n de la justa caribe\u00f1a- ofreci\u00f3 detalles log\u00edsticos.<\/p>\n<p>\u201cSe hizo presentaci\u00f3n para el 2020 con Tutti Mu\u00f1oz y To\u00f1it\u00edn (Mu\u00f1oz) de MB Sports. Hablamos de los hoteles, prepar\u00e1ndonos para la Serie del Caribe\u201d, concluy\u00f3.<\/p>\n<div class=\"ad-six-target-unpadded\"><strong>\u00a0ELNUEVODIA.com<\/strong><\/div>\n<\/div>\n<div id=\"footer-banner-wrapper\"><\/div>\n","protected":false},"excerpt":{"rendered":"<p>Juan Francisco Puello\u00a0fue reelecto por unanimidad como comisionado de la\u00a0Confederaci\u00f3n de B\u00e9isbol del Caribe\u00a0durante la asamblea celebrada ayer el\u00a0Museo del Deporte\u00a0de\u00a0Guaynabo. Puello, quien lleva 28 a\u00f1os en el principal puesto del organismo beisbolero, recibi\u00f3 el favor de los miembros del gremio, enti\u00e9ndase Puerto Rico, Rep\u00fablica Dominicana, Venezuela y M\u00e9xico. \u201cPrevaleci\u00f3 el bien com\u00fan, el respeto [&hellip;]<\/p>\n","protected":false},"author":9,"featured_media":53398,"comment_status":"closed","ping_status":"closed","sticky":false,"template":"","format":"standard","meta":[],"categories":[2,60],"tags":[],"acf":[],"_links":{"self":[{"href":"https:\/\/colimdo.org\/wp-api\/wp\/v2\/posts\/53397"}],"collection":[{"href":"https:\/\/colimdo.org\/wp-api\/wp\/v2\/posts"}],"about":[{"href":"https:\/\/colimdo.org\/wp-api\/wp\/v2\/types\/post"}],"author":[{"embeddable":true,"href":"https:\/\/colimdo.org\/wp-api\/wp\/v2\/users\/9"}],"replies":[{"embeddable":true,"href":"https:\/\/colimdo.org\/wp-api\/wp\/v2\/comments?post=53397"}],"version-history":[{"count":1,"href":"https:\/\/colimdo.org\/wp-api\/wp\/v2\/posts\/53397\/revisions"}],"predecessor-version":[{"id":53399,"href":"https:\/\/colimdo.org\/wp-api\/wp\/v2\/posts\/53397\/revisions\/53399"}],"wp:featuredmedia":[{"embeddable":true,"href":"https:\/\/colimdo.org\/wp-api\/wp\/v2\/media\/53398"}],"wp:attachment":[{"href":"https:\/\/colimdo.org\/wp-api\/wp\/v2\/media?parent=53397"}],"wp:term":[{"taxonomy":"category","embeddable":true,"href":"https:\/\/colimdo.org\/wp-api\/wp\/v2\/categories?post=53397"},{"taxonomy":"post_tag","embeddable":true,"href":"https:\/\/colimdo.org\/wp-api\/wp\/v2\/tags?post=53397"}],"curies":[{"name":"wp","href":"https:\/\/api.w.org\/{rel}","templated":true}]}}