{"id":53406,"date":"2019-05-15T14:46:22","date_gmt":"2019-05-15T14:46:22","guid":{"rendered":"https:\/\/colimdo.org\/?p=53406"},"modified":"2019-05-15T14:38:08","modified_gmt":"2019-05-15T14:38:08","slug":"rd-objetivos-claros-sub-16-baloncesto-las-americas","status":"publish","type":"post","link":"https:\/\/colimdo.org\/noticias\/rd-objetivos-claros-sub-16-baloncesto-las-americas\/","title":{"rendered":"RD con objetivos claros para el Sub-16 de baloncesto de las Am\u00e9ricas"},"content":{"rendered":"<p>SANTO DOMINGO.- Con las metas para el Campeonato FIBA Sub-16 de las Am\u00e9ricas 2019 ya establecidas, Rep\u00fablica Dominicana comenzar\u00e1 el 20 de mayo su ultimo campamento de preparaci\u00f3n con 21 jugadores compitiendo por un lugar en el listado final.<\/p>\n<article id=\"article_detail_new\">\n<div class=\"article_content\">\n<div class=\"article_text\">\n<p>\u201cComenzamos los preparativos para el Campeonato FIBA Sub-16 de las Am\u00e9ricas 2019 en febrero, y no hemos parado. Actualmente contamos con 21 jugadores que estar\u00e1n presentes en el \u00faltimo campamento de preparaci\u00f3n del 20 al 27 de mayo. La lista final se decidir\u00e1 durante el campamento. El equipo viajar\u00e1 a Belem el 28 de mayo, donde jugaremos partidos amistosos contra Brasil antes del campeonato continental &#8220;, dijo Jos\u00e9 Maita Mercedes, Director de los Equipos Nacionales Juveniles de la Federaci\u00f3n Dominicana de Baloncesto.<\/p>\n<p>&#8220;Queremos estar en el podio de campeonato y clasificar para la Copa del Mundo Sub-17 de Baloncesto FIBA 2020 por tercera vez consecutiva&#8221;, agreg\u00f3 Mercedes.<\/p>\n<p>Rep\u00fablica Dominicana fue seleccionada al Grupo A y comenzar\u00e1 el campeonato continental ante M\u00e9xico. Los dominicanos enfrentar\u00e1n a Argentina y Estados Unidos para cerrar la Fase de Grupos.<\/p>\n<p>Los cuatro mejores equipos del Campeonato FIBA Sub-16 de las Am\u00e9ricas 2019 se clasificar\u00e1n a la Copa del Mundo Sub-17 de Baloncesto FIBA 2020.<\/p>\n<\/div>\n<p><strong>LISTADO PRELIMINAR DE LA REP\u00daBLICA DOMINICANA<\/strong><\/p>\n<table class=\"default_style responsive\" cellpadding=\"5\">\n<tbody>\n<tr>\n<td>Angel Pimentel Montas<\/td>\n<td>Jean Montero<\/td>\n<td>Norman Tejada<\/td>\n<td>Edixon G\u00f3mez<\/td>\n<\/tr>\n<tr>\n<td>Silvano Grullon<\/td>\n<td>Yurhansel Infante<\/td>\n<td>Huascar Cuevas<\/td>\n<td>Breily Garc\u00eda<\/td>\n<\/tr>\n<tr>\n<td>Handerson Silverio<\/td>\n<td>Orlando Sanchez<\/td>\n<td>Jhonel Tirado<\/td>\n<td>Josue Mart\u00ednez<\/td>\n<\/tr>\n<tr>\n<td>Samuel Jim\u00e9nez<\/td>\n<td>Alex Ventura<\/td>\n<td>Gianfranco Farias<\/td>\n<td>Hassan Jackson<\/td>\n<\/tr>\n<tr>\n<td>AJ Pierre Jerome<\/td>\n<td>Juan Arturo Corporan<\/td>\n<td>Luis Alberto Carballo<\/td>\n<td>Rafael Castro<\/td>\n<\/tr>\n<tr>\n<td>Jefferson de la Cruz<\/td>\n<td><\/td>\n<\/tr>\n<\/tbody>\n<\/table>\n<div class=\"article_text\">\n<p><strong>FIBA<\/strong><\/p>\n<\/div>\n<\/div>\n<\/article>\n<div class=\"custom_tag\"><\/div>\n<p>&nbsp;<\/p>\n","protected":false},"excerpt":{"rendered":"<p>SANTO DOMINGO.- Con las metas para el Campeonato FIBA Sub-16 de las Am\u00e9ricas 2019 ya establecidas, Rep\u00fablica Dominicana comenzar\u00e1 el 20 de mayo su ultimo campamento de preparaci\u00f3n con 21 jugadores compitiendo por un lugar en el listado final. \u201cComenzamos los preparativos para el Campeonato FIBA Sub-16 de las Am\u00e9ricas 2019 en febrero, y no [&hellip;]<\/p>\n","protected":false},"author":9,"featured_media":53407,"comment_status":"closed","ping_status":"closed","sticky":false,"template":"","format":"standard","meta":[],"categories":[3,2,60],"tags":[],"acf":[],"_links":{"self":[{"href":"https:\/\/colimdo.org\/wp-api\/wp\/v2\/posts\/53406"}],"collection":[{"href":"https:\/\/colimdo.org\/wp-api\/wp\/v2\/posts"}],"about":[{"href":"https:\/\/colimdo.org\/wp-api\/wp\/v2\/types\/post"}],"author":[{"embeddable":true,"href":"https:\/\/colimdo.org\/wp-api\/wp\/v2\/users\/9"}],"replies":[{"embeddable":true,"href":"https:\/\/colimdo.org\/wp-api\/wp\/v2\/comments?post=53406"}],"version-history":[{"count":1,"href":"https:\/\/colimdo.org\/wp-api\/wp\/v2\/posts\/53406\/revisions"}],"predecessor-version":[{"id":53408,"href":"https:\/\/colimdo.org\/wp-api\/wp\/v2\/posts\/53406\/revisions\/53408"}],"wp:featuredmedia":[{"embeddable":true,"href":"https:\/\/colimdo.org\/wp-api\/wp\/v2\/media\/53407"}],"wp:attachment":[{"href":"https:\/\/colimdo.org\/wp-api\/wp\/v2\/media?parent=53406"}],"wp:term":[{"taxonomy":"category","embeddable":true,"href":"https:\/\/colimdo.org\/wp-api\/wp\/v2\/categories?post=53406"},{"taxonomy":"post_tag","embeddable":true,"href":"https:\/\/colimdo.org\/wp-api\/wp\/v2\/tags?post=53406"}],"curies":[{"name":"wp","href":"https:\/\/api.w.org\/{rel}","templated":true}]}}