{"id":53416,"date":"2019-05-15T18:09:30","date_gmt":"2019-05-15T18:09:30","guid":{"rendered":"https:\/\/colimdo.org\/?p=53416"},"modified":"2019-05-15T18:09:30","modified_gmt":"2019-05-15T18:09:30","slug":"ackermann-supera-gaviria-quita-etapa-del-giro-italia","status":"publish","type":"post","link":"https:\/\/colimdo.org\/noticias\/ackermann-supera-gaviria-quita-etapa-del-giro-italia\/","title":{"rendered":"Ackermann supera a Gaviria en quita etapa del Giro de Italia"},"content":{"rendered":"<p>TERRACINA, Italia (AP) \u2014 El alem\u00e1n Pascal Ackermann impuso su fuerza en el embalaje final para superar al colombiano Fernando Gaviria y llevarse la victoria en la quinta etapa del Giro de Italia.<\/p>\n<p>En una jornada pasada por la lluvia, no hubo cambios en la clasificaci\u00f3n general: el esloveno Primoz Roglic retuvo el liderato.<\/p>\n<p>Ackermann obtuvo su segunda victoria de etapa en su primer Grand Tour. El ciclista de 25 a\u00f1os del equipo Bora-Hansgrohe sali\u00f3 airoso en la segunda etapa el domingo.<\/p>\n<p>Claramente superior, Ackermann atac\u00f3 a Gaviria (UAE Team Emirates) y al franc\u00e9s Arnaud Demare (Groupama\u2013FDJ) al final del recorrido bastante llano de 140 kil\u00f3metros entre Frascati y Terracina.<\/p>\n<p>La lluvia fue tan intensa que los organizadores decidieron descartar los tiempos para la llegada en Terracina antes del circuito final de nueve kil\u00f3metros para evitar el tipo de accidente que marr\u00f3 la cuarta etapa el martes. Esa ca\u00edda provoc\u00f3 que el pelot\u00f3n se rompiera a la mitad a falta de seis kil\u00f3metros para la meta, permitiendo que Roglic sacara valiosos segundos sobre sus adversarios.<\/p>\n<p>Tambi\u00e9n provoc\u00f3 que el holand\u00e9s Tom Dumoulin, el campe\u00f3n del Giro en 2017, abandonara la carrera en el primer kil\u00f3metro de la etapa del mi\u00e9rcoles debido a que no pod\u00eda con el dolor tras lastimarse la pierna izquierda en la ca\u00edda.<\/p>\n<p>Roglic, due\u00f1o de la casaca rosada de l\u00edder desde que se impuso en la contrarreloj que puso en marcha el Giro el s\u00e1bado, mantiene una diferencia de 35 segundos por delante del brit\u00e1nico Simon Yates, de 39 por encima del favorito local Vincenzo Nibali y de 44 sobre el colombiano Miguel \u00c1ngel L\u00f3pez.<\/p>\n<p>La sexta etapa el jueves consistir\u00e1 en una ruda de 280 kil\u00f3metros entre Cassino y San Giovanni Rotondo, con una llegada ondulada.<\/p>\n<p>El Giro culminar\u00e1 en Verona el 2 de junio.<\/p>\n","protected":false},"excerpt":{"rendered":"<p>TERRACINA, Italia (AP) \u2014 El alem\u00e1n Pascal Ackermann impuso su fuerza en el embalaje final para superar al colombiano Fernando Gaviria y llevarse la victoria en la quinta etapa del Giro de Italia. En una jornada pasada por la lluvia, no hubo cambios en la clasificaci\u00f3n general: el esloveno Primoz Roglic retuvo el liderato. Ackermann [&hellip;]<\/p>\n","protected":false},"author":9,"featured_media":53417,"comment_status":"closed","ping_status":"closed","sticky":false,"template":"","format":"standard","meta":[],"categories":[2,60],"tags":[],"acf":[],"_links":{"self":[{"href":"https:\/\/colimdo.org\/wp-api\/wp\/v2\/posts\/53416"}],"collection":[{"href":"https:\/\/colimdo.org\/wp-api\/wp\/v2\/posts"}],"about":[{"href":"https:\/\/colimdo.org\/wp-api\/wp\/v2\/types\/post"}],"author":[{"embeddable":true,"href":"https:\/\/colimdo.org\/wp-api\/wp\/v2\/users\/9"}],"replies":[{"embeddable":true,"href":"https:\/\/colimdo.org\/wp-api\/wp\/v2\/comments?post=53416"}],"version-history":[{"count":1,"href":"https:\/\/colimdo.org\/wp-api\/wp\/v2\/posts\/53416\/revisions"}],"predecessor-version":[{"id":53418,"href":"https:\/\/colimdo.org\/wp-api\/wp\/v2\/posts\/53416\/revisions\/53418"}],"wp:featuredmedia":[{"embeddable":true,"href":"https:\/\/colimdo.org\/wp-api\/wp\/v2\/media\/53417"}],"wp:attachment":[{"href":"https:\/\/colimdo.org\/wp-api\/wp\/v2\/media?parent=53416"}],"wp:term":[{"taxonomy":"category","embeddable":true,"href":"https:\/\/colimdo.org\/wp-api\/wp\/v2\/categories?post=53416"},{"taxonomy":"post_tag","embeddable":true,"href":"https:\/\/colimdo.org\/wp-api\/wp\/v2\/tags?post=53416"}],"curies":[{"name":"wp","href":"https:\/\/api.w.org\/{rel}","templated":true}]}}