{"id":53431,"date":"2019-05-15T19:50:25","date_gmt":"2019-05-15T19:50:25","guid":{"rendered":"https:\/\/colimdo.org\/?p=53431"},"modified":"2019-05-15T19:50:25","modified_gmt":"2019-05-15T19:50:25","slug":"cod-almuerzo-veteranos-dirigentes-deportivos","status":"publish","type":"post","link":"https:\/\/colimdo.org\/noticias\/cod-almuerzo-veteranos-dirigentes-deportivos\/","title":{"rendered":"COD tiene almuerzo con veteranos dirigentes deportivos"},"content":{"rendered":"<p class=\"m_6920514499822154127ydpe3901579x_ydp82b01102MsoNormal\"><span lang=\"ES-TRAD\">SANTO DOMINGO.- El encuentro con los veteranos dirigentes del Movimiento Ol\u00edmpico es una gran motivaci\u00f3n para seguir trabajando a favor del deporte en todas sus dimensiones.<\/span><\/p>\n<p class=\"m_6920514499822154127ydpe3901579x_ydp82b01102MsoNormal\"><span lang=\"ES-TRAD\">La afirmaci\u00f3n fue hecha por\u00a0 el licenciado Luis Mej\u00eda Oviedo, presidente del Comit\u00e9 Ol\u00edmpico Dominicano (COD), al t\u00e9rmino de un almuerzo con ex dirigentes ol\u00edmpicos celebrado este mi\u00e9rcoles en el sal\u00f3n Juan Ulises Garc\u00eda Saleta (Whiche).<\/span><\/p>\n<p class=\"m_6920514499822154127ydpe3901579x_ydp82b01102MsoNormal\"><span lang=\"ES-TRAD\">\u201cLa presencia de esos veteranos dirigentes refresca el impulso del trabajo que venimos realizando en el deporte\u201d, afirm\u00f3 Mej\u00eda Oviedo, quien junto a miembros del Comit\u00e9 Ejecutivo del COD sostuvo un almuerzo y conversaron por m\u00e1s de una hora.<\/span><\/p>\n<p class=\"m_6920514499822154127ydpe3901579x_ydp82b01102MsoNormal\"><span lang=\"ES-TRAD\">En el almuerzo estuvieron los doctores Carlos Lamarche, Jos\u00e9 Rodr\u00edguez Conde y Aldo Russo, los ingenieros Bienvenido Solano, Ervido Creales, Rafael Damir\u00f3n y Ram\u00f3n (Monch\u00edn) Pinedo, el licenciado Gonzalo Mej\u00eda y el se\u00f1or Rafael Duquela Morales.<\/span><\/p>\n<p class=\"m_6920514499822154127ydpe3901579x_ydp82b01102MsoNormal\"><span lang=\"ES-TRAD\">Mej\u00eda Oviedo estuvo acompa\u00f1ado por el doctor Jos\u00e9 Joaqu\u00edn Puello, presidente Ad Vitam del COD; licenciado Antonio Acosta y Luis Chanlatte, vicepresidentes del COD, as\u00ed como por el licenciado Gilberto Garc\u00eda, secretario general; licenciado Gerardo Suero Correa, co secretario. Tambi\u00e9n estuvieron Jorge Blas D\u00edaz, presidente de la Federaci\u00f3n Dominicana de Ciclismo y Franklin de la Cruz, presidente de la Federaci\u00f3n Dominicana de Triatl\u00f3n.<\/span><\/p>\n<p class=\"m_6920514499822154127ydpe3901579x_ydp82b01102MsoNormal\"><span lang=\"ES-TRAD\">Durante el encuentro los veteranos dirigentes intercambiaron impresiones con los actuales directivos del COD.<\/span><\/p>\n<p class=\"m_6920514499822154127ydpe3901579x_ydp82b01102MsoNormal\"><span lang=\"ES-TRAD\">Este almuerzo forma parte del programa de encuentros que el COD ha estado celebrando con diferentes sectores de la sociedad vinculados al deporte.<\/span><\/p>\n<p class=\"m_6920514499822154127ydpe3901579x_ydp82b01102MsoNormal\"><span lang=\"ES-TRAD\">M\u00e1s recientemente, se ofreci\u00f3 un almuerzo al Ministro de las Fuerzas Armadas, teniente general Rub\u00e9n Paulino Sem, as\u00ed como a los Comandantes<br \/>\nGenerales del Ej\u00e9rcito de la Rep\u00fablica Dominicana, la Armada de la Rep\u00fablica Dominicana, la Fuerza A\u00e9rea de la Rep\u00fablica Dominicana y al Director General de la Polic\u00eda Nacional. En ese encuentro estuvo tambi\u00e9n el presidente del C\u00edrculo Deportivo de las Fuerzas Armadas y la Polic\u00eda Nacional.<\/span><\/p>\n<p class=\"m_6920514499822154127ydpe3901579x_ydp82b01102MsoNormal\"><span lang=\"ES-TRAD\">Igualmente, fue efectuada una sesi\u00f3n del Comit\u00e9 Ejecutivo del COD en el club Mauricio B\u00e1ez.<\/span><\/p>\n<div><span lang=\"ES-TRAD\">Los ejecutivos del COD tienen programado tambi\u00e9n reunirse con otros sectores, tanto en esta capital como en el interior del pa\u00eds.<\/span><\/div>\n","protected":false},"excerpt":{"rendered":"<p>SANTO DOMINGO.- El encuentro con los veteranos dirigentes del Movimiento Ol\u00edmpico es una gran motivaci\u00f3n para seguir trabajando a favor del deporte en todas sus dimensiones. La afirmaci\u00f3n fue hecha por\u00a0 el licenciado Luis Mej\u00eda Oviedo, presidente del Comit\u00e9 Ol\u00edmpico Dominicano (COD), al t\u00e9rmino de un almuerzo con ex dirigentes ol\u00edmpicos celebrado este mi\u00e9rcoles en [&hellip;]<\/p>\n","protected":false},"author":9,"featured_media":53432,"comment_status":"closed","ping_status":"closed","sticky":false,"template":"","format":"standard","meta":[],"categories":[3,2,60],"tags":[],"acf":[],"_links":{"self":[{"href":"https:\/\/colimdo.org\/wp-api\/wp\/v2\/posts\/53431"}],"collection":[{"href":"https:\/\/colimdo.org\/wp-api\/wp\/v2\/posts"}],"about":[{"href":"https:\/\/colimdo.org\/wp-api\/wp\/v2\/types\/post"}],"author":[{"embeddable":true,"href":"https:\/\/colimdo.org\/wp-api\/wp\/v2\/users\/9"}],"replies":[{"embeddable":true,"href":"https:\/\/colimdo.org\/wp-api\/wp\/v2\/comments?post=53431"}],"version-history":[{"count":1,"href":"https:\/\/colimdo.org\/wp-api\/wp\/v2\/posts\/53431\/revisions"}],"predecessor-version":[{"id":53433,"href":"https:\/\/colimdo.org\/wp-api\/wp\/v2\/posts\/53431\/revisions\/53433"}],"wp:featuredmedia":[{"embeddable":true,"href":"https:\/\/colimdo.org\/wp-api\/wp\/v2\/media\/53432"}],"wp:attachment":[{"href":"https:\/\/colimdo.org\/wp-api\/wp\/v2\/media?parent=53431"}],"wp:term":[{"taxonomy":"category","embeddable":true,"href":"https:\/\/colimdo.org\/wp-api\/wp\/v2\/categories?post=53431"},{"taxonomy":"post_tag","embeddable":true,"href":"https:\/\/colimdo.org\/wp-api\/wp\/v2\/tags?post=53431"}],"curies":[{"name":"wp","href":"https:\/\/api.w.org\/{rel}","templated":true}]}}