{"id":53451,"date":"2019-05-15T22:55:35","date_gmt":"2019-05-15T22:55:35","guid":{"rendered":"https:\/\/colimdo.org\/?p=53451"},"modified":"2019-05-15T22:55:35","modified_gmt":"2019-05-15T22:55:35","slug":"la-oit-valora-dedicatoria-copa-esmeralda-boxeo","status":"publish","type":"post","link":"https:\/\/colimdo.org\/noticias\/la-oit-valora-dedicatoria-copa-esmeralda-boxeo\/","title":{"rendered":"La OIT valora dedicatoria Copa Esmeralda de Boxeo"},"content":{"rendered":"<p class=\"x_MsoNormal\">SANTO DOMINGO. La Organizaci\u00f3n Internacional de Trabajo (OIT), a trav\u00e9s de su representante en Rep\u00fablica Dominicana, la espa\u00f1ola Maritza Rodr\u00edguez, valor\u00f3 positivamente la decisi\u00f3n del comit\u00e9 organizador de la Copa Esmeralda de Boxeo de dedicar el evento deportivo \u00a0a la prevenci\u00f3n y erradicaci\u00f3n del trabajo infantil.<\/p>\n<p class=\"x_MsoNormal\">\u201cNos sentimos complacidos de que un evento de la magnitud de la Copa Esmeralda de Boxeo est\u00e9 dedicado a los esfuerzos por la prevenci\u00f3n y erradicaci\u00f3n del trabajo infantil\u201d, expuso la se\u00f1ora Rodr\u00edguez en el marco de una rueda de prensa donde estuvo acompa\u00f1ada por el ministro de Trabajo de la Rep\u00fablica Dominicana, doctor Winston Santos, quien, adem\u00e1s, es el presidente del comit\u00e9 organizador.<\/p>\n<p class=\"x_MsoNormal\">Resalt\u00f3 como un elemento de gran importancia para la Organizaci\u00f3n Internacional del Trabajo el hecho de que se promueva el deporte entre ni\u00f1os y adolescentes.<\/p>\n<p class=\"x_MsoNormal\">Agradeci\u00f3, en nombre de la instituci\u00f3n que representa, el que instituciones como el ministerio de Trabajo, la Federaci\u00f3n Dominicana de Boxeo, la Asociaci\u00f3n de Boxeo de Monte Plata y las autoridades de la provincia esmeralda aunen esfuerzos para impulsar un evento dedicado a la lucha contra el trabajo infantil.<\/p>\n<p class=\"x_MsoNormal\">Destac\u00f3 que la OIT conmemora el d\u00eda mundial contra el trabajo infanil desde e\u00f1o 2002 y que su celebraci\u00f3n es el 12 de junio de cada \u00f1o.<\/p>\n<p class=\"x_MsoNormal\">\u201cActividades como la Copa Esmeralda son bienvenida y aplaudida, porque contribuyen con la sensibilizaci\u00f3n de la poblaci\u00f3n para que haga conciencia de que debemos seguir trabajando por la prevenci\u00f3n y erradicaci\u00f3n del trabajo infantil\u201d, a\u00f1adi\u00f3 Maritza Rodr\u00edguez.<\/p>\n<p class=\"x_MsoNormal\">De su lado, el ministro de Trabajo, Winston Santos, valor\u00f3 el apoyo de la OIT a la decisi\u00f3n de dedicar la Copa Esmeralda de Boxeo a la prevenci\u00f3n y erradicaci\u00f3n del trabajo infantil.<\/p>\n<p class=\"x_MsoNormal\">Resalt\u00f3 que el Ministerio de Trabajo no solo tiene un departamente especializado en el \u00e1rea, sino que en Am\u00e9rica Latina, Rep\u00fablica Dominicana ha sido reconocido como el pa\u00eds vanguardia en la lucha contra el trabajo infantil.<\/p>\n<p class=\"x_MsoNormal\">La Copa Esmeralda de Boxeo inicia el 31 de este mes en el bajo techo de Monte Plata y se extender\u00e1 hasta el 2 de junio pr\u00f3ximo, con la participaci\u00f3n de boxeadores de todas las regiones de la Rep\u00fablica Dominicana y Puerto Rico como pa\u00eds invitado.<\/p>\n<p class=\"x_MsoNormal\">En el encuentro con la prensa, adem\u00e1s de de Maritza Rodr\u00edguez y Winston Santos participaron miembros del comit\u00e9 organizador de la Copa Esmeralda, as\u00ed como Primitivo y Randy Cadete, en representaci\u00f3n de la Asociaci\u00f3n de Boxeo de la provincia Monte Plata.<\/p>\n<p class=\"x_MsoNormal\">\n","protected":false},"excerpt":{"rendered":"<p>La Organizaci\u00f3n Internacional de Trabajo (OIT), a trav\u00e9s de su representante en Rep\u00fablica Dominicana, la espa\u00f1ola Maritza Rodr\u00edguez, valor\u00f3 positivamente la decisi\u00f3n del comit\u00e9 organizador de la Copa Esmeralda de Boxeo de dedicar el evento deportivo \u00a0a la prevenci\u00f3n y erradicaci\u00f3n del trabajo infantil.<\/p>\n","protected":false},"author":16,"featured_media":53452,"comment_status":"closed","ping_status":"closed","sticky":false,"template":"","format":"standard","meta":[],"categories":[2,60],"tags":[],"acf":[],"_links":{"self":[{"href":"https:\/\/colimdo.org\/wp-api\/wp\/v2\/posts\/53451"}],"collection":[{"href":"https:\/\/colimdo.org\/wp-api\/wp\/v2\/posts"}],"about":[{"href":"https:\/\/colimdo.org\/wp-api\/wp\/v2\/types\/post"}],"author":[{"embeddable":true,"href":"https:\/\/colimdo.org\/wp-api\/wp\/v2\/users\/16"}],"replies":[{"embeddable":true,"href":"https:\/\/colimdo.org\/wp-api\/wp\/v2\/comments?post=53451"}],"version-history":[{"count":1,"href":"https:\/\/colimdo.org\/wp-api\/wp\/v2\/posts\/53451\/revisions"}],"predecessor-version":[{"id":53453,"href":"https:\/\/colimdo.org\/wp-api\/wp\/v2\/posts\/53451\/revisions\/53453"}],"wp:featuredmedia":[{"embeddable":true,"href":"https:\/\/colimdo.org\/wp-api\/wp\/v2\/media\/53452"}],"wp:attachment":[{"href":"https:\/\/colimdo.org\/wp-api\/wp\/v2\/media?parent=53451"}],"wp:term":[{"taxonomy":"category","embeddable":true,"href":"https:\/\/colimdo.org\/wp-api\/wp\/v2\/categories?post=53451"},{"taxonomy":"post_tag","embeddable":true,"href":"https:\/\/colimdo.org\/wp-api\/wp\/v2\/tags?post=53451"}],"curies":[{"name":"wp","href":"https:\/\/api.w.org\/{rel}","templated":true}]}}